{"id":2405,"date":"2022-11-18T14:41:13","date_gmt":"2022-11-18T13:41:13","guid":{"rendered":"https:\/\/sunsun.fr\/?p=2405"},"modified":"2025-11-02T16:00:53","modified_gmt":"2025-11-02T15:00:53","slug":"aux-jours-inoubliables-ils-elles-en-parlent","status":"publish","type":"post","link":"https:\/\/sunsun.fr\/en\/aux-jours-inoubliables-ils-elles-en-parlent\/","title":{"rendered":"Aux jours inoubliables, ils\/elles en parlent"},"content":{"rendered":"<div class=\"x11i5rnm xat24cr x1mh8g0r x1vvkbs xtlvy1s x126k92a\">\n<div dir=\"auto\">Ce livre est le fruit d&#8217;un long travail silencieux et humble parmi des enfants et la nature sauvage<br \/>\ndes montagnes ari\u00e9geoises. C&#8217;est un travail tendre et bouleversant. C&#8217;est un livre solide et simple<br \/>\ncomme un toit, une for\u00eat, une rivi\u00e8re, un sourire, une larme. Un roman d&#8217;images et de souffles, un livre que l&#8217;on veut mettre dans son bagage lorsque l&#8217;on s&#8217;en va, loin. Une main ouverte contre le ciel, le regard de l&#8217;enfant comme un seul soleil.<\/div>\n<\/div>\n<div class=\"x11i5rnm xat24cr x1mh8g0r x1vvkbs xtlvy1s x126k92a\">\n<div dir=\"auto\">Micha\u00ebl Blin, novembre 2022<\/div>\n<\/div>\n<div dir=\"auto\"><\/div>\n<div dir=\"auto\"><\/div>\n","protected":false},"excerpt":{"rendered":"<p>Ce livre est le fruit d&#8217;un long travail silencieux et humble parmi des enfants et la nature sauvage des montagnes ari\u00e9geoises. C&#8217;est un travail tendre et bouleversant. C&#8217;est un livre solide et simple comme un toit, une for\u00eat, une rivi\u00e8re, un sourire, une larme. Un roman d&#8217;images et de souffles, un livre que l&#8217;on veut [&hellip;]<\/p>\n","protected":false},"author":4,"featured_media":0,"comment_status":"closed","ping_status":"closed","sticky":false,"template":"","format":"standard","meta":{"_acf_changed":false,"_exactmetrics_skip_tracking":false,"_exactmetrics_sitenote_active":false,"_exactmetrics_sitenote_note":"","_exactmetrics_sitenote_category":0,"footnotes":""},"categories":[113],"tags":[],"class_list":["post-2405","post","type-post","status-publish","format-standard","hentry","category-press-en"],"acf":[],"yoast_head":"<!-- This site is optimized with the Yoast SEO plugin v23.5 - https:\/\/yoast.com\/wordpress\/plugins\/seo\/ -->\n<title>Aux jours inoubliables, ils\/elles en parlent - sun\/sun<\/title>\n<meta name=\"robots\" content=\"index, follow, max-snippet:-1, max-image-preview:large, max-video-preview:-1\" \/>\n<link rel=\"canonical\" href=\"https:\/\/sunsun.fr\/en\/aux-jours-inoubliables-ils-elles-en-parlent\/\" \/>\n<meta property=\"og:locale\" content=\"en_US\" \/>\n<meta property=\"og:type\" content=\"article\" \/>\n<meta property=\"og:title\" content=\"Aux jours inoubliables, ils\/elles en parlent - sun\/sun\" \/>\n<meta property=\"og:description\" content=\"Ce livre est le fruit d&#8217;un long travail silencieux et humble parmi des enfants et la nature sauvage des montagnes ari\u00e9geoises. C&#8217;est un travail tendre et bouleversant. C&#8217;est un livre solide et simple comme un toit, une for\u00eat, une rivi\u00e8re, un sourire, une larme. Un roman d&#8217;images et de souffles, un livre que l&#8217;on veut [&hellip;]\" \/>\n<meta property=\"og:url\" content=\"https:\/\/sunsun.fr\/en\/aux-jours-inoubliables-ils-elles-en-parlent\/\" \/>\n<meta property=\"og:site_name\" content=\"sun\/sun\" \/>\n<meta property=\"article:publisher\" content=\"https:\/\/www.facebook.com\/icisunsun\" \/>\n<meta property=\"article:published_time\" content=\"2022-11-18T13:41:13+00:00\" \/>\n<meta property=\"article:modified_time\" content=\"2025-11-02T15:00:53+00:00\" \/>\n<meta name=\"author\" content=\"sadmin\" \/>\n<meta name=\"twitter:card\" content=\"summary_large_image\" \/>\n<meta name=\"twitter:label1\" content=\"Written by\" \/>\n\t<meta name=\"twitter:data1\" content=\"sadmin\" \/>\n\t<meta name=\"twitter:label2\" content=\"Est. reading time\" \/>\n\t<meta name=\"twitter:data2\" content=\"1 minute\" \/>\n<script type=\"application\/ld+json\" class=\"yoast-schema-graph\">{\"@context\":\"https:\/\/schema.org\",\"@graph\":[{\"@type\":\"WebPage\",\"@id\":\"https:\/\/sunsun.fr\/en\/aux-jours-inoubliables-ils-elles-en-parlent\/\",\"url\":\"https:\/\/sunsun.fr\/en\/aux-jours-inoubliables-ils-elles-en-parlent\/\",\"name\":\"Aux jours inoubliables, ils\/elles en parlent - sun\/sun\",\"isPartOf\":{\"@id\":\"https:\/\/dev.webxost.com\/sunsun2\/#website\"},\"datePublished\":\"2022-11-18T13:41:13+00:00\",\"dateModified\":\"2025-11-02T15:00:53+00:00\",\"author\":{\"@id\":\"https:\/\/dev.webxost.com\/sunsun2\/#\/schema\/person\/0a64d6e8914402d13968d38a7cefbd98\"},\"breadcrumb\":{\"@id\":\"https:\/\/sunsun.fr\/en\/aux-jours-inoubliables-ils-elles-en-parlent\/#breadcrumb\"},\"inLanguage\":\"en-US\",\"potentialAction\":[{\"@type\":\"ReadAction\",\"target\":[\"https:\/\/sunsun.fr\/en\/aux-jours-inoubliables-ils-elles-en-parlent\/\"]}]},{\"@type\":\"BreadcrumbList\",\"@id\":\"https:\/\/sunsun.fr\/en\/aux-jours-inoubliables-ils-elles-en-parlent\/#breadcrumb\",\"itemListElement\":[{\"@type\":\"ListItem\",\"position\":1,\"name\":\"Home\",\"item\":\"https:\/\/sunsun.fr\/en\/\"},{\"@type\":\"ListItem\",\"position\":2,\"name\":\"Aux jours inoubliables, ils\/elles en parlent\"}]},{\"@type\":\"WebSite\",\"@id\":\"https:\/\/dev.webxost.com\/sunsun2\/#website\",\"url\":\"https:\/\/dev.webxost.com\/sunsun2\/\",\"name\":\"sun\/sun\",\"description\":\"label de cr\u00e9ation \u00e9ditoriale\",\"potentialAction\":[{\"@type\":\"SearchAction\",\"target\":{\"@type\":\"EntryPoint\",\"urlTemplate\":\"https:\/\/dev.webxost.com\/sunsun2\/?s={search_term_string}\"},\"query-input\":{\"@type\":\"PropertyValueSpecification\",\"valueRequired\":true,\"valueName\":\"search_term_string\"}}],\"inLanguage\":\"en-US\"},{\"@type\":\"Person\",\"@id\":\"https:\/\/dev.webxost.com\/sunsun2\/#\/schema\/person\/0a64d6e8914402d13968d38a7cefbd98\",\"name\":\"sadmin\",\"image\":{\"@type\":\"ImageObject\",\"inLanguage\":\"en-US\",\"@id\":\"https:\/\/dev.webxost.com\/sunsun2\/#\/schema\/person\/image\/\",\"url\":\"https:\/\/secure.gravatar.com\/avatar\/362473c007b3e9ea6567ee29541960d5?s=96&d=mm&r=g\",\"contentUrl\":\"https:\/\/secure.gravatar.com\/avatar\/362473c007b3e9ea6567ee29541960d5?s=96&d=mm&r=g\",\"caption\":\"sadmin\"}}]}<\/script>\n<!-- \/ Yoast SEO plugin. -->","yoast_head_json":{"title":"Aux jours inoubliables, ils\/elles en parlent - sun\/sun","robots":{"index":"index","follow":"follow","max-snippet":"max-snippet:-1","max-image-preview":"max-image-preview:large","max-video-preview":"max-video-preview:-1"},"canonical":"https:\/\/sunsun.fr\/en\/aux-jours-inoubliables-ils-elles-en-parlent\/","og_locale":"en_US","og_type":"article","og_title":"Aux jours inoubliables, ils\/elles en parlent - sun\/sun","og_description":"Ce livre est le fruit d&#8217;un long travail silencieux et humble parmi des enfants et la nature sauvage des montagnes ari\u00e9geoises. C&#8217;est un travail tendre et bouleversant. C&#8217;est un livre solide et simple comme un toit, une for\u00eat, une rivi\u00e8re, un sourire, une larme. Un roman d&#8217;images et de souffles, un livre que l&#8217;on veut [&hellip;]","og_url":"https:\/\/sunsun.fr\/en\/aux-jours-inoubliables-ils-elles-en-parlent\/","og_site_name":"sun\/sun","article_publisher":"https:\/\/www.facebook.com\/icisunsun","article_published_time":"2022-11-18T13:41:13+00:00","article_modified_time":"2025-11-02T15:00:53+00:00","author":"sadmin","twitter_card":"summary_large_image","twitter_misc":{"Written by":"sadmin","Est. reading time":"1 minute"},"schema":{"@context":"https:\/\/schema.org","@graph":[{"@type":"WebPage","@id":"https:\/\/sunsun.fr\/en\/aux-jours-inoubliables-ils-elles-en-parlent\/","url":"https:\/\/sunsun.fr\/en\/aux-jours-inoubliables-ils-elles-en-parlent\/","name":"Aux jours inoubliables, ils\/elles en parlent - sun\/sun","isPartOf":{"@id":"https:\/\/dev.webxost.com\/sunsun2\/#website"},"datePublished":"2022-11-18T13:41:13+00:00","dateModified":"2025-11-02T15:00:53+00:00","author":{"@id":"https:\/\/dev.webxost.com\/sunsun2\/#\/schema\/person\/0a64d6e8914402d13968d38a7cefbd98"},"breadcrumb":{"@id":"https:\/\/sunsun.fr\/en\/aux-jours-inoubliables-ils-elles-en-parlent\/#breadcrumb"},"inLanguage":"en-US","potentialAction":[{"@type":"ReadAction","target":["https:\/\/sunsun.fr\/en\/aux-jours-inoubliables-ils-elles-en-parlent\/"]}]},{"@type":"BreadcrumbList","@id":"https:\/\/sunsun.fr\/en\/aux-jours-inoubliables-ils-elles-en-parlent\/#breadcrumb","itemListElement":[{"@type":"ListItem","position":1,"name":"Home","item":"https:\/\/sunsun.fr\/en\/"},{"@type":"ListItem","position":2,"name":"Aux jours inoubliables, ils\/elles en parlent"}]},{"@type":"WebSite","@id":"https:\/\/dev.webxost.com\/sunsun2\/#website","url":"https:\/\/dev.webxost.com\/sunsun2\/","name":"sun\/sun","description":"label de cr\u00e9ation \u00e9ditoriale","potentialAction":[{"@type":"SearchAction","target":{"@type":"EntryPoint","urlTemplate":"https:\/\/dev.webxost.com\/sunsun2\/?s={search_term_string}"},"query-input":{"@type":"PropertyValueSpecification","valueRequired":true,"valueName":"search_term_string"}}],"inLanguage":"en-US"},{"@type":"Person","@id":"https:\/\/dev.webxost.com\/sunsun2\/#\/schema\/person\/0a64d6e8914402d13968d38a7cefbd98","name":"sadmin","image":{"@type":"ImageObject","inLanguage":"en-US","@id":"https:\/\/dev.webxost.com\/sunsun2\/#\/schema\/person\/image\/","url":"https:\/\/secure.gravatar.com\/avatar\/362473c007b3e9ea6567ee29541960d5?s=96&d=mm&r=g","contentUrl":"https:\/\/secure.gravatar.com\/avatar\/362473c007b3e9ea6567ee29541960d5?s=96&d=mm&r=g","caption":"sadmin"}}]}},"_links":{"self":[{"href":"https:\/\/sunsun.fr\/en\/wp-json\/wp\/v2\/posts\/2405"}],"collection":[{"href":"https:\/\/sunsun.fr\/en\/wp-json\/wp\/v2\/posts"}],"about":[{"href":"https:\/\/sunsun.fr\/en\/wp-json\/wp\/v2\/types\/post"}],"author":[{"embeddable":true,"href":"https:\/\/sunsun.fr\/en\/wp-json\/wp\/v2\/users\/4"}],"replies":[{"embeddable":true,"href":"https:\/\/sunsun.fr\/en\/wp-json\/wp\/v2\/comments?post=2405"}],"version-history":[{"count":1,"href":"https:\/\/sunsun.fr\/en\/wp-json\/wp\/v2\/posts\/2405\/revisions"}],"predecessor-version":[{"id":2406,"href":"https:\/\/sunsun.fr\/en\/wp-json\/wp\/v2\/posts\/2405\/revisions\/2406"}],"wp:attachment":[{"href":"https:\/\/sunsun.fr\/en\/wp-json\/wp\/v2\/media?parent=2405"}],"wp:term":[{"taxonomy":"category","embeddable":true,"href":"https:\/\/sunsun.fr\/en\/wp-json\/wp\/v2\/categories?post=2405"},{"taxonomy":"post_tag","embeddable":true,"href":"https:\/\/sunsun.fr\/en\/wp-json\/wp\/v2\/tags?post=2405"}],"curies":[{"name":"wp","href":"https:\/\/api.w.org\/{rel}","templated":true}]}}