{"id":3687,"date":"2024-07-30T14:27:14","date_gmt":"2024-07-30T12:27:14","guid":{"rendered":"https:\/\/sunsun.fr\/?p=3687"},"modified":"2025-11-02T17:46:12","modified_gmt":"2025-11-02T16:46:12","slug":"divided-center-installation-multimedia-sete-typical-organization-le-cyclo-sun-sun","status":"publish","type":"post","link":"https:\/\/sunsun.fr\/en\/divided-center-installation-multimedia-sete-typical-organization-le-cyclo-sun-sun\/","title":{"rendered":"A divided center &#8211; Installation Multim\u00e9dia S\u00e8te &#8211; Typical Organization x Le Cyclo x sun\/sun"},"content":{"rendered":"<p>\u00ab Un centre divis\u00e9 \u00bb, recherche men\u00e9e par le studio Typical Organization et pr\u00e9sent\u00e9e sous forme d\u2019installation multim\u00e9dia au Cyclo, un espace polymorphe d\u00e9di\u00e9 aux arts graphiques et visuels \u00e0 S\u00e8te, en France.<\/p>\n<p>\u00c0 l&#8217;initiative de la maison sun\/sun et du Cyclo \/ Studio Trames, et dans le cadre du cycle Graphisme en M\u00e9diterrann\u00e9e, Typical Organization \u00e9tait invit\u00e9 \u00e0 parler du design graphique en Gr\u00e8ce. A cette occasion, ils ont questionn\u00e9 les notions d&#8217;identit\u00e9 et d&#8217;appartenance. L\u00e0 o\u00f9 des historiens comme Fernand Braudel ont adopt\u00e9 une perspective plus large et plus lente, avec une \u00ab longue dur\u00e9e \u00bb \u00e9tendant l\u2019histoire au-del\u00e0 de la m\u00e9moire humaine et les archives arch\u00e9ologiques int\u00e8grent la climatologie, la d\u00e9mographie, la g\u00e9ologie, l\u2019oc\u00e9anologie par exemple \u2013 aujourd\u2019hui, il semble qu\u2019il y ait encore une tendance \u00e0 localiser\/s\u2019approprier l\u2019histoire. d&#8217;une mani\u00e8re \u00e9troite et, selon eux, nuisible, voire dangereuse.<\/p>\n<p>Ils ont alors \u00e9tabli une ligne de d\u00e9marcation qui visait \u00e0 exprimer le contraire : une histoire qui ne peut \u00eatre repr\u00e9sent\u00e9e par des lignes et des fronti\u00e8res. En regardant de pr\u00e8s la communication visuelle, les syst\u00e8mes linguistiques et graphiques et les outils associ\u00e9s, les origines ne sont pas si noires et blanches mais plut\u00f4t d&#8217;innombrables \u00e9changes culturels avec des contextes \u00e9tranges qui n\u00e9cessitent beaucoup plus de r\u00e9flexion et d&#8217;investigation.<\/p>\n<p>sun\/sun \u00e9ditions a soutenu la venue de Typical Organization et accompagn\u00e9 sa production. Le Cyclo et le Studio Trames ont h\u00e9berg\u00e9 le projet et produit l&#8217;installation.<\/p>\n<p>Images<br \/>\nChiara Indelicato @chiarinai<br \/>\nSt\u00e9phane Charpentier @_stephane_charpentier<\/p>\n<p>Installation \u00ab Un centre divis\u00e9 \u00bb<br \/>\nLigne de 60 m, tirages 90x A3 n\/b et projection sur \u00e9cran renvers\u00e9 d&#8217;une narration audiovisuelle de 20&#8242;<\/p>\n","protected":false},"excerpt":{"rendered":"<p>\u00ab Un centre divis\u00e9 \u00bb, recherche men\u00e9e par le studio Typical Organization et pr\u00e9sent\u00e9e sous forme d\u2019installation multim\u00e9dia au Cyclo, un espace polymorphe d\u00e9di\u00e9 aux arts graphiques et visuels \u00e0 S\u00e8te, en France. \u00c0 l&#8217;initiative de la maison sun\/sun et du Cyclo \/ Studio Trames, et dans le cadre du cycle Graphisme en M\u00e9diterrann\u00e9e, Typical [&hellip;]<\/p>\n","protected":false},"author":2,"featured_media":3688,"comment_status":"open","ping_status":"open","sticky":false,"template":"","format":"standard","meta":{"_acf_changed":false,"_exactmetrics_skip_tracking":false,"_exactmetrics_sitenote_active":false,"_exactmetrics_sitenote_note":"","_exactmetrics_sitenote_category":0,"footnotes":""},"categories":[220,221],"tags":[],"class_list":["post-3687","post","type-post","status-publish","format-standard","has-post-thumbnail","hentry","category-collaboration-perfomance","category-rencontre-lecture"],"acf":[],"yoast_head":"<!-- This site is optimized with the Yoast SEO plugin v23.5 - https:\/\/yoast.com\/wordpress\/plugins\/seo\/ -->\n<title>A divided center - Installation Multim\u00e9dia S\u00e8te - Typical Organization x Le Cyclo x sun\/sun - sun\/sun<\/title>\n<meta name=\"robots\" content=\"index, follow, max-snippet:-1, max-image-preview:large, max-video-preview:-1\" \/>\n<link rel=\"canonical\" href=\"https:\/\/sunsun.fr\/en\/divided-center-installation-multimedia-sete-typical-organization-le-cyclo-sun-sun\/\" \/>\n<meta property=\"og:locale\" content=\"en_US\" \/>\n<meta property=\"og:type\" content=\"article\" \/>\n<meta property=\"og:title\" content=\"A divided center - Installation Multim\u00e9dia S\u00e8te - Typical Organization x Le Cyclo x sun\/sun - sun\/sun\" \/>\n<meta property=\"og:description\" content=\"\u00ab Un centre divis\u00e9 \u00bb, recherche men\u00e9e par le studio Typical Organization et pr\u00e9sent\u00e9e sous forme d\u2019installation multim\u00e9dia au Cyclo, un espace polymorphe d\u00e9di\u00e9 aux arts graphiques et visuels \u00e0 S\u00e8te, en France. \u00c0 l&#8217;initiative de la maison sun\/sun et du Cyclo \/ Studio Trames, et dans le cadre du cycle Graphisme en M\u00e9diterrann\u00e9e, Typical [&hellip;]\" \/>\n<meta property=\"og:url\" content=\"https:\/\/sunsun.fr\/en\/divided-center-installation-multimedia-sete-typical-organization-le-cyclo-sun-sun\/\" \/>\n<meta property=\"og:site_name\" content=\"sun\/sun\" \/>\n<meta property=\"article:publisher\" content=\"https:\/\/www.facebook.com\/icisunsun\" \/>\n<meta property=\"article:published_time\" content=\"2024-07-30T12:27:14+00:00\" \/>\n<meta property=\"article:modified_time\" content=\"2025-11-02T16:46:12+00:00\" \/>\n<meta property=\"og:image\" content=\"https:\/\/sunsun.fr\/app\/uploads\/2025\/04\/WhatsApp-Image-2024-05-23-at-22.46.02-5.jpeg\" \/>\n\t<meta property=\"og:image:width\" content=\"1600\" \/>\n\t<meta property=\"og:image:height\" content=\"1200\" \/>\n\t<meta property=\"og:image:type\" content=\"image\/jpeg\" \/>\n<meta name=\"author\" content=\"sunsun\" \/>\n<meta name=\"twitter:card\" content=\"summary_large_image\" \/>\n<meta name=\"twitter:label1\" content=\"Written by\" \/>\n\t<meta name=\"twitter:data1\" content=\"sunsun\" \/>\n\t<meta name=\"twitter:label2\" content=\"Est. reading time\" \/>\n\t<meta name=\"twitter:data2\" content=\"2 minutes\" \/>\n<script type=\"application\/ld+json\" class=\"yoast-schema-graph\">{\"@context\":\"https:\/\/schema.org\",\"@graph\":[{\"@type\":\"WebPage\",\"@id\":\"https:\/\/sunsun.fr\/en\/divided-center-installation-multimedia-sete-typical-organization-le-cyclo-sun-sun\/\",\"url\":\"https:\/\/sunsun.fr\/en\/divided-center-installation-multimedia-sete-typical-organization-le-cyclo-sun-sun\/\",\"name\":\"A divided center - Installation Multim\u00e9dia S\u00e8te - Typical Organization x Le Cyclo x sun\/sun - sun\/sun\",\"isPartOf\":{\"@id\":\"https:\/\/dev.webxost.com\/sunsun2\/#website\"},\"primaryImageOfPage\":{\"@id\":\"https:\/\/sunsun.fr\/en\/divided-center-installation-multimedia-sete-typical-organization-le-cyclo-sun-sun\/#primaryimage\"},\"image\":{\"@id\":\"https:\/\/sunsun.fr\/en\/divided-center-installation-multimedia-sete-typical-organization-le-cyclo-sun-sun\/#primaryimage\"},\"thumbnailUrl\":\"https:\/\/sunsun.fr\/app\/uploads\/2025\/04\/WhatsApp-Image-2024-05-23-at-22.46.02-5.jpeg\",\"datePublished\":\"2024-07-30T12:27:14+00:00\",\"dateModified\":\"2025-11-02T16:46:12+00:00\",\"author\":{\"@id\":\"https:\/\/dev.webxost.com\/sunsun2\/#\/schema\/person\/6eb1e1219ccc0109cbdfeeda5b31a0e4\"},\"breadcrumb\":{\"@id\":\"https:\/\/sunsun.fr\/en\/divided-center-installation-multimedia-sete-typical-organization-le-cyclo-sun-sun\/#breadcrumb\"},\"inLanguage\":\"en-US\",\"potentialAction\":[{\"@type\":\"ReadAction\",\"target\":[\"https:\/\/sunsun.fr\/en\/divided-center-installation-multimedia-sete-typical-organization-le-cyclo-sun-sun\/\"]}]},{\"@type\":\"ImageObject\",\"inLanguage\":\"en-US\",\"@id\":\"https:\/\/sunsun.fr\/en\/divided-center-installation-multimedia-sete-typical-organization-le-cyclo-sun-sun\/#primaryimage\",\"url\":\"https:\/\/sunsun.fr\/app\/uploads\/2025\/04\/WhatsApp-Image-2024-05-23-at-22.46.02-5.jpeg\",\"contentUrl\":\"https:\/\/sunsun.fr\/app\/uploads\/2025\/04\/WhatsApp-Image-2024-05-23-at-22.46.02-5.jpeg\",\"width\":1600,\"height\":1200},{\"@type\":\"BreadcrumbList\",\"@id\":\"https:\/\/sunsun.fr\/en\/divided-center-installation-multimedia-sete-typical-organization-le-cyclo-sun-sun\/#breadcrumb\",\"itemListElement\":[{\"@type\":\"ListItem\",\"position\":1,\"name\":\"Home\",\"item\":\"https:\/\/sunsun.fr\/en\/\"},{\"@type\":\"ListItem\",\"position\":2,\"name\":\"A divided center &#8211; Installation Multim\u00e9dia S\u00e8te &#8211; Typical Organization x Le Cyclo x sun\/sun\"}]},{\"@type\":\"WebSite\",\"@id\":\"https:\/\/dev.webxost.com\/sunsun2\/#website\",\"url\":\"https:\/\/dev.webxost.com\/sunsun2\/\",\"name\":\"sun\/sun\",\"description\":\"label de cr\u00e9ation \u00e9ditoriale\",\"potentialAction\":[{\"@type\":\"SearchAction\",\"target\":{\"@type\":\"EntryPoint\",\"urlTemplate\":\"https:\/\/dev.webxost.com\/sunsun2\/?s={search_term_string}\"},\"query-input\":{\"@type\":\"PropertyValueSpecification\",\"valueRequired\":true,\"valueName\":\"search_term_string\"}}],\"inLanguage\":\"en-US\"},{\"@type\":\"Person\",\"@id\":\"https:\/\/dev.webxost.com\/sunsun2\/#\/schema\/person\/6eb1e1219ccc0109cbdfeeda5b31a0e4\",\"name\":\"sunsun\",\"image\":{\"@type\":\"ImageObject\",\"inLanguage\":\"en-US\",\"@id\":\"https:\/\/dev.webxost.com\/sunsun2\/#\/schema\/person\/image\/\",\"url\":\"https:\/\/secure.gravatar.com\/avatar\/512584f5a9a444f9116a0bdb14388a6d?s=96&d=mm&r=g\",\"contentUrl\":\"https:\/\/secure.gravatar.com\/avatar\/512584f5a9a444f9116a0bdb14388a6d?s=96&d=mm&r=g\",\"caption\":\"sunsun\"}}]}<\/script>\n<!-- \/ Yoast SEO plugin. -->","yoast_head_json":{"title":"A divided center - Installation Multim\u00e9dia S\u00e8te - Typical Organization x Le Cyclo x sun\/sun - sun\/sun","robots":{"index":"index","follow":"follow","max-snippet":"max-snippet:-1","max-image-preview":"max-image-preview:large","max-video-preview":"max-video-preview:-1"},"canonical":"https:\/\/sunsun.fr\/en\/divided-center-installation-multimedia-sete-typical-organization-le-cyclo-sun-sun\/","og_locale":"en_US","og_type":"article","og_title":"A divided center - Installation Multim\u00e9dia S\u00e8te - Typical Organization x Le Cyclo x sun\/sun - sun\/sun","og_description":"\u00ab Un centre divis\u00e9 \u00bb, recherche men\u00e9e par le studio Typical Organization et pr\u00e9sent\u00e9e sous forme d\u2019installation multim\u00e9dia au Cyclo, un espace polymorphe d\u00e9di\u00e9 aux arts graphiques et visuels \u00e0 S\u00e8te, en France. \u00c0 l&#8217;initiative de la maison sun\/sun et du Cyclo \/ Studio Trames, et dans le cadre du cycle Graphisme en M\u00e9diterrann\u00e9e, Typical [&hellip;]","og_url":"https:\/\/sunsun.fr\/en\/divided-center-installation-multimedia-sete-typical-organization-le-cyclo-sun-sun\/","og_site_name":"sun\/sun","article_publisher":"https:\/\/www.facebook.com\/icisunsun","article_published_time":"2024-07-30T12:27:14+00:00","article_modified_time":"2025-11-02T16:46:12+00:00","og_image":[{"width":1600,"height":1200,"url":"https:\/\/sunsun.fr\/app\/uploads\/2025\/04\/WhatsApp-Image-2024-05-23-at-22.46.02-5.jpeg","type":"image\/jpeg"}],"author":"sunsun","twitter_card":"summary_large_image","twitter_misc":{"Written by":"sunsun","Est. reading time":"2 minutes"},"schema":{"@context":"https:\/\/schema.org","@graph":[{"@type":"WebPage","@id":"https:\/\/sunsun.fr\/en\/divided-center-installation-multimedia-sete-typical-organization-le-cyclo-sun-sun\/","url":"https:\/\/sunsun.fr\/en\/divided-center-installation-multimedia-sete-typical-organization-le-cyclo-sun-sun\/","name":"A divided center - Installation Multim\u00e9dia S\u00e8te - Typical Organization x Le Cyclo x sun\/sun - sun\/sun","isPartOf":{"@id":"https:\/\/dev.webxost.com\/sunsun2\/#website"},"primaryImageOfPage":{"@id":"https:\/\/sunsun.fr\/en\/divided-center-installation-multimedia-sete-typical-organization-le-cyclo-sun-sun\/#primaryimage"},"image":{"@id":"https:\/\/sunsun.fr\/en\/divided-center-installation-multimedia-sete-typical-organization-le-cyclo-sun-sun\/#primaryimage"},"thumbnailUrl":"https:\/\/sunsun.fr\/app\/uploads\/2025\/04\/WhatsApp-Image-2024-05-23-at-22.46.02-5.jpeg","datePublished":"2024-07-30T12:27:14+00:00","dateModified":"2025-11-02T16:46:12+00:00","author":{"@id":"https:\/\/dev.webxost.com\/sunsun2\/#\/schema\/person\/6eb1e1219ccc0109cbdfeeda5b31a0e4"},"breadcrumb":{"@id":"https:\/\/sunsun.fr\/en\/divided-center-installation-multimedia-sete-typical-organization-le-cyclo-sun-sun\/#breadcrumb"},"inLanguage":"en-US","potentialAction":[{"@type":"ReadAction","target":["https:\/\/sunsun.fr\/en\/divided-center-installation-multimedia-sete-typical-organization-le-cyclo-sun-sun\/"]}]},{"@type":"ImageObject","inLanguage":"en-US","@id":"https:\/\/sunsun.fr\/en\/divided-center-installation-multimedia-sete-typical-organization-le-cyclo-sun-sun\/#primaryimage","url":"https:\/\/sunsun.fr\/app\/uploads\/2025\/04\/WhatsApp-Image-2024-05-23-at-22.46.02-5.jpeg","contentUrl":"https:\/\/sunsun.fr\/app\/uploads\/2025\/04\/WhatsApp-Image-2024-05-23-at-22.46.02-5.jpeg","width":1600,"height":1200},{"@type":"BreadcrumbList","@id":"https:\/\/sunsun.fr\/en\/divided-center-installation-multimedia-sete-typical-organization-le-cyclo-sun-sun\/#breadcrumb","itemListElement":[{"@type":"ListItem","position":1,"name":"Home","item":"https:\/\/sunsun.fr\/en\/"},{"@type":"ListItem","position":2,"name":"A divided center &#8211; Installation Multim\u00e9dia S\u00e8te &#8211; Typical Organization x Le Cyclo x sun\/sun"}]},{"@type":"WebSite","@id":"https:\/\/dev.webxost.com\/sunsun2\/#website","url":"https:\/\/dev.webxost.com\/sunsun2\/","name":"sun\/sun","description":"label de cr\u00e9ation \u00e9ditoriale","potentialAction":[{"@type":"SearchAction","target":{"@type":"EntryPoint","urlTemplate":"https:\/\/dev.webxost.com\/sunsun2\/?s={search_term_string}"},"query-input":{"@type":"PropertyValueSpecification","valueRequired":true,"valueName":"search_term_string"}}],"inLanguage":"en-US"},{"@type":"Person","@id":"https:\/\/dev.webxost.com\/sunsun2\/#\/schema\/person\/6eb1e1219ccc0109cbdfeeda5b31a0e4","name":"sunsun","image":{"@type":"ImageObject","inLanguage":"en-US","@id":"https:\/\/dev.webxost.com\/sunsun2\/#\/schema\/person\/image\/","url":"https:\/\/secure.gravatar.com\/avatar\/512584f5a9a444f9116a0bdb14388a6d?s=96&d=mm&r=g","contentUrl":"https:\/\/secure.gravatar.com\/avatar\/512584f5a9a444f9116a0bdb14388a6d?s=96&d=mm&r=g","caption":"sunsun"}}]}},"_links":{"self":[{"href":"https:\/\/sunsun.fr\/en\/wp-json\/wp\/v2\/posts\/3687"}],"collection":[{"href":"https:\/\/sunsun.fr\/en\/wp-json\/wp\/v2\/posts"}],"about":[{"href":"https:\/\/sunsun.fr\/en\/wp-json\/wp\/v2\/types\/post"}],"author":[{"embeddable":true,"href":"https:\/\/sunsun.fr\/en\/wp-json\/wp\/v2\/users\/2"}],"replies":[{"embeddable":true,"href":"https:\/\/sunsun.fr\/en\/wp-json\/wp\/v2\/comments?post=3687"}],"version-history":[{"count":1,"href":"https:\/\/sunsun.fr\/en\/wp-json\/wp\/v2\/posts\/3687\/revisions"}],"predecessor-version":[{"id":3698,"href":"https:\/\/sunsun.fr\/en\/wp-json\/wp\/v2\/posts\/3687\/revisions\/3698"}],"wp:featuredmedia":[{"embeddable":true,"href":"https:\/\/sunsun.fr\/en\/wp-json\/wp\/v2\/media\/3688"}],"wp:attachment":[{"href":"https:\/\/sunsun.fr\/en\/wp-json\/wp\/v2\/media?parent=3687"}],"wp:term":[{"taxonomy":"category","embeddable":true,"href":"https:\/\/sunsun.fr\/en\/wp-json\/wp\/v2\/categories?post=3687"},{"taxonomy":"post_tag","embeddable":true,"href":"https:\/\/sunsun.fr\/en\/wp-json\/wp\/v2\/tags?post=3687"}],"curies":[{"name":"wp","href":"https:\/\/api.w.org\/{rel}","templated":true}]}}