{"id":3731,"date":"2023-11-01T12:14:05","date_gmt":"2023-11-01T11:14:05","guid":{"rendered":"https:\/\/sunsun.fr\/?p=3731"},"modified":"2025-11-02T16:04:03","modified_gmt":"2025-11-02T15:04:03","slug":"festival-paris-en-toutes-lettres-lecture-de-patrick-boucheron-et-christophe-brault","status":"publish","type":"post","link":"https:\/\/sunsun.fr\/en\/festival-paris-en-toutes-lettres-lecture-de-patrick-boucheron-et-christophe-brault\/","title":{"rendered":"Festival Paris en toutes lettres &#8211; Lecture de Patrick Boucheron et Christophe Brault"},"content":{"rendered":"<div class=\"dates\"><span class=\"datetime-date \">Mardi 21 novembre 2023 \u00e0 <\/span><span class=\"datetime-time \">19h<\/span><\/div>\n<div>Dans le cadre du Festival Paris en toutes lettres<br \/>\nBiblioth\u00e8que historique de la Ville de Paris<\/div>\n<div><\/div>\n<p class=\"entry-title\"><i>Les Colonnes de San Lorenzo\u00a0<\/i>de Patrick Boucheron<br \/>\nLecture par l&#8217;auteur &amp; Christophe Brault<br \/>\nDialogue avec Adrien Genoudet &#8211; directeur de la collection Fl\u00e9chette<\/p>\n<div class=\"cycle-festival\">\u00c0 l\u2019invitation de la collection Fl\u00e9chette, qui fait dialoguer les images des Archives de la Plan\u00e8te r\u00e9alis\u00e9es par Albert Kahn et douze op\u00e9rateurs de 1909 \u00e0 1931 avec des auteurs contemporains, Patrick Boucheron s\u2019est laiss\u00e9 porter par une r\u00eaverie autour de ses ann\u00e9es de jeunesse en Italie. C\u2019est toujours beau de r\u00eaver d\u2019un pass\u00e9 retrouv\u00e9, cela peut m\u00eame \u00eatre somptueux. Mais cette beaut\u00e9 est-elle historienne ? N\u2019y a-t-il pas un coup de force \u00e0 vouloir s\u2019autoriser, et tirer b\u00e9n\u00e9fice, de l\u2019\u00e9motion d\u2019appartenance qui consiste justement \u00e0 s\u2019y retrouver ?<\/div>\n<div><\/div>\n<div>R\u00e9servations recommand\u00e9es &gt; <a href=\"https:\/\/maisondelapoesieparis.com\/programme\/les-colonnes-de-san-lorenzo-de-patrick-boucheron\/\">ici<\/a><\/div>\n","protected":false},"excerpt":{"rendered":"<p>Mardi 21 novembre 2023 \u00e0 19h Dans le cadre du Festival Paris en toutes lettres Biblioth\u00e8que historique de la Ville de Paris Les Colonnes de San Lorenzo\u00a0de Patrick Boucheron Lecture par l&#8217;auteur &amp; Christophe Brault Dialogue avec Adrien Genoudet &#8211; directeur de la collection Fl\u00e9chette \u00c0 l\u2019invitation de la collection Fl\u00e9chette, qui fait dialoguer les [&hellip;]<\/p>\n","protected":false},"author":2,"featured_media":3732,"comment_status":"open","ping_status":"open","sticky":false,"template":"","format":"standard","meta":{"_acf_changed":false,"_exactmetrics_skip_tracking":false,"_exactmetrics_sitenote_active":false,"_exactmetrics_sitenote_note":"","_exactmetrics_sitenote_category":0,"footnotes":""},"categories":[221],"tags":[],"class_list":["post-3731","post","type-post","status-publish","format-standard","has-post-thumbnail","hentry","category-rencontre-lecture"],"acf":[],"yoast_head":"<!-- This site is optimized with the Yoast SEO plugin v23.5 - https:\/\/yoast.com\/wordpress\/plugins\/seo\/ -->\n<title>Festival Paris en toutes lettres - Lecture de Patrick Boucheron et Christophe Brault - sun\/sun<\/title>\n<meta name=\"robots\" content=\"index, follow, max-snippet:-1, max-image-preview:large, max-video-preview:-1\" \/>\n<link rel=\"canonical\" href=\"https:\/\/sunsun.fr\/en\/festival-paris-en-toutes-lettres-lecture-de-patrick-boucheron-et-christophe-brault\/\" \/>\n<meta property=\"og:locale\" content=\"en_US\" \/>\n<meta property=\"og:type\" content=\"article\" \/>\n<meta property=\"og:title\" content=\"Festival Paris en toutes lettres - Lecture de Patrick Boucheron et Christophe Brault - sun\/sun\" \/>\n<meta property=\"og:description\" content=\"Mardi 21 novembre 2023 \u00e0 19h Dans le cadre du Festival Paris en toutes lettres Biblioth\u00e8que historique de la Ville de Paris Les Colonnes de San Lorenzo\u00a0de Patrick Boucheron Lecture par l&#8217;auteur &amp; Christophe Brault Dialogue avec Adrien Genoudet &#8211; directeur de la collection Fl\u00e9chette \u00c0 l\u2019invitation de la collection Fl\u00e9chette, qui fait dialoguer les [&hellip;]\" \/>\n<meta property=\"og:url\" content=\"https:\/\/sunsun.fr\/en\/festival-paris-en-toutes-lettres-lecture-de-patrick-boucheron-et-christophe-brault\/\" \/>\n<meta property=\"og:site_name\" content=\"sun\/sun\" \/>\n<meta property=\"article:publisher\" content=\"https:\/\/www.facebook.com\/icisunsun\" \/>\n<meta property=\"article:published_time\" content=\"2023-11-01T11:14:05+00:00\" \/>\n<meta property=\"article:modified_time\" content=\"2025-11-02T15:04:03+00:00\" \/>\n<meta property=\"og:image\" content=\"https:\/\/sunsun.fr\/app\/uploads\/2025\/04\/Capture-decran-2023-11-01-a-16.06.22-8.png\" \/>\n\t<meta property=\"og:image:width\" content=\"958\" \/>\n\t<meta property=\"og:image:height\" content=\"1230\" \/>\n\t<meta property=\"og:image:type\" content=\"image\/png\" \/>\n<meta name=\"author\" content=\"sunsun\" \/>\n<meta name=\"twitter:card\" content=\"summary_large_image\" \/>\n<meta name=\"twitter:label1\" content=\"Written by\" \/>\n\t<meta name=\"twitter:data1\" content=\"sunsun\" \/>\n\t<meta name=\"twitter:label2\" content=\"Est. reading time\" \/>\n\t<meta name=\"twitter:data2\" content=\"1 minute\" \/>\n<script type=\"application\/ld+json\" class=\"yoast-schema-graph\">{\"@context\":\"https:\/\/schema.org\",\"@graph\":[{\"@type\":\"WebPage\",\"@id\":\"https:\/\/sunsun.fr\/en\/festival-paris-en-toutes-lettres-lecture-de-patrick-boucheron-et-christophe-brault\/\",\"url\":\"https:\/\/sunsun.fr\/en\/festival-paris-en-toutes-lettres-lecture-de-patrick-boucheron-et-christophe-brault\/\",\"name\":\"Festival Paris en toutes lettres - Lecture de Patrick Boucheron et Christophe Brault - sun\/sun\",\"isPartOf\":{\"@id\":\"https:\/\/dev.webxost.com\/sunsun2\/#website\"},\"primaryImageOfPage\":{\"@id\":\"https:\/\/sunsun.fr\/en\/festival-paris-en-toutes-lettres-lecture-de-patrick-boucheron-et-christophe-brault\/#primaryimage\"},\"image\":{\"@id\":\"https:\/\/sunsun.fr\/en\/festival-paris-en-toutes-lettres-lecture-de-patrick-boucheron-et-christophe-brault\/#primaryimage\"},\"thumbnailUrl\":\"https:\/\/sunsun.fr\/app\/uploads\/2025\/04\/Capture-decran-2023-11-01-a-16.06.22-8.png\",\"datePublished\":\"2023-11-01T11:14:05+00:00\",\"dateModified\":\"2025-11-02T15:04:03+00:00\",\"author\":{\"@id\":\"https:\/\/dev.webxost.com\/sunsun2\/#\/schema\/person\/6eb1e1219ccc0109cbdfeeda5b31a0e4\"},\"breadcrumb\":{\"@id\":\"https:\/\/sunsun.fr\/en\/festival-paris-en-toutes-lettres-lecture-de-patrick-boucheron-et-christophe-brault\/#breadcrumb\"},\"inLanguage\":\"en-US\",\"potentialAction\":[{\"@type\":\"ReadAction\",\"target\":[\"https:\/\/sunsun.fr\/en\/festival-paris-en-toutes-lettres-lecture-de-patrick-boucheron-et-christophe-brault\/\"]}]},{\"@type\":\"ImageObject\",\"inLanguage\":\"en-US\",\"@id\":\"https:\/\/sunsun.fr\/en\/festival-paris-en-toutes-lettres-lecture-de-patrick-boucheron-et-christophe-brault\/#primaryimage\",\"url\":\"https:\/\/sunsun.fr\/app\/uploads\/2025\/04\/Capture-decran-2023-11-01-a-16.06.22-8.png\",\"contentUrl\":\"https:\/\/sunsun.fr\/app\/uploads\/2025\/04\/Capture-decran-2023-11-01-a-16.06.22-8.png\",\"width\":958,\"height\":1230},{\"@type\":\"BreadcrumbList\",\"@id\":\"https:\/\/sunsun.fr\/en\/festival-paris-en-toutes-lettres-lecture-de-patrick-boucheron-et-christophe-brault\/#breadcrumb\",\"itemListElement\":[{\"@type\":\"ListItem\",\"position\":1,\"name\":\"Home\",\"item\":\"https:\/\/sunsun.fr\/en\/\"},{\"@type\":\"ListItem\",\"position\":2,\"name\":\"Festival Paris en toutes lettres &#8211; Lecture de Patrick Boucheron et Christophe Brault\"}]},{\"@type\":\"WebSite\",\"@id\":\"https:\/\/dev.webxost.com\/sunsun2\/#website\",\"url\":\"https:\/\/dev.webxost.com\/sunsun2\/\",\"name\":\"sun\/sun\",\"description\":\"label de cr\u00e9ation \u00e9ditoriale\",\"potentialAction\":[{\"@type\":\"SearchAction\",\"target\":{\"@type\":\"EntryPoint\",\"urlTemplate\":\"https:\/\/dev.webxost.com\/sunsun2\/?s={search_term_string}\"},\"query-input\":{\"@type\":\"PropertyValueSpecification\",\"valueRequired\":true,\"valueName\":\"search_term_string\"}}],\"inLanguage\":\"en-US\"},{\"@type\":\"Person\",\"@id\":\"https:\/\/dev.webxost.com\/sunsun2\/#\/schema\/person\/6eb1e1219ccc0109cbdfeeda5b31a0e4\",\"name\":\"sunsun\",\"image\":{\"@type\":\"ImageObject\",\"inLanguage\":\"en-US\",\"@id\":\"https:\/\/dev.webxost.com\/sunsun2\/#\/schema\/person\/image\/\",\"url\":\"https:\/\/secure.gravatar.com\/avatar\/512584f5a9a444f9116a0bdb14388a6d?s=96&d=mm&r=g\",\"contentUrl\":\"https:\/\/secure.gravatar.com\/avatar\/512584f5a9a444f9116a0bdb14388a6d?s=96&d=mm&r=g\",\"caption\":\"sunsun\"}}]}<\/script>\n<!-- \/ Yoast SEO plugin. -->","yoast_head_json":{"title":"Festival Paris en toutes lettres - Lecture de Patrick Boucheron et Christophe Brault - sun\/sun","robots":{"index":"index","follow":"follow","max-snippet":"max-snippet:-1","max-image-preview":"max-image-preview:large","max-video-preview":"max-video-preview:-1"},"canonical":"https:\/\/sunsun.fr\/en\/festival-paris-en-toutes-lettres-lecture-de-patrick-boucheron-et-christophe-brault\/","og_locale":"en_US","og_type":"article","og_title":"Festival Paris en toutes lettres - Lecture de Patrick Boucheron et Christophe Brault - sun\/sun","og_description":"Mardi 21 novembre 2023 \u00e0 19h Dans le cadre du Festival Paris en toutes lettres Biblioth\u00e8que historique de la Ville de Paris Les Colonnes de San Lorenzo\u00a0de Patrick Boucheron Lecture par l&#8217;auteur &amp; Christophe Brault Dialogue avec Adrien Genoudet &#8211; directeur de la collection Fl\u00e9chette \u00c0 l\u2019invitation de la collection Fl\u00e9chette, qui fait dialoguer les [&hellip;]","og_url":"https:\/\/sunsun.fr\/en\/festival-paris-en-toutes-lettres-lecture-de-patrick-boucheron-et-christophe-brault\/","og_site_name":"sun\/sun","article_publisher":"https:\/\/www.facebook.com\/icisunsun","article_published_time":"2023-11-01T11:14:05+00:00","article_modified_time":"2025-11-02T15:04:03+00:00","og_image":[{"width":958,"height":1230,"url":"https:\/\/sunsun.fr\/app\/uploads\/2025\/04\/Capture-decran-2023-11-01-a-16.06.22-8.png","type":"image\/png"}],"author":"sunsun","twitter_card":"summary_large_image","twitter_misc":{"Written by":"sunsun","Est. reading time":"1 minute"},"schema":{"@context":"https:\/\/schema.org","@graph":[{"@type":"WebPage","@id":"https:\/\/sunsun.fr\/en\/festival-paris-en-toutes-lettres-lecture-de-patrick-boucheron-et-christophe-brault\/","url":"https:\/\/sunsun.fr\/en\/festival-paris-en-toutes-lettres-lecture-de-patrick-boucheron-et-christophe-brault\/","name":"Festival Paris en toutes lettres - Lecture de Patrick Boucheron et Christophe Brault - sun\/sun","isPartOf":{"@id":"https:\/\/dev.webxost.com\/sunsun2\/#website"},"primaryImageOfPage":{"@id":"https:\/\/sunsun.fr\/en\/festival-paris-en-toutes-lettres-lecture-de-patrick-boucheron-et-christophe-brault\/#primaryimage"},"image":{"@id":"https:\/\/sunsun.fr\/en\/festival-paris-en-toutes-lettres-lecture-de-patrick-boucheron-et-christophe-brault\/#primaryimage"},"thumbnailUrl":"https:\/\/sunsun.fr\/app\/uploads\/2025\/04\/Capture-decran-2023-11-01-a-16.06.22-8.png","datePublished":"2023-11-01T11:14:05+00:00","dateModified":"2025-11-02T15:04:03+00:00","author":{"@id":"https:\/\/dev.webxost.com\/sunsun2\/#\/schema\/person\/6eb1e1219ccc0109cbdfeeda5b31a0e4"},"breadcrumb":{"@id":"https:\/\/sunsun.fr\/en\/festival-paris-en-toutes-lettres-lecture-de-patrick-boucheron-et-christophe-brault\/#breadcrumb"},"inLanguage":"en-US","potentialAction":[{"@type":"ReadAction","target":["https:\/\/sunsun.fr\/en\/festival-paris-en-toutes-lettres-lecture-de-patrick-boucheron-et-christophe-brault\/"]}]},{"@type":"ImageObject","inLanguage":"en-US","@id":"https:\/\/sunsun.fr\/en\/festival-paris-en-toutes-lettres-lecture-de-patrick-boucheron-et-christophe-brault\/#primaryimage","url":"https:\/\/sunsun.fr\/app\/uploads\/2025\/04\/Capture-decran-2023-11-01-a-16.06.22-8.png","contentUrl":"https:\/\/sunsun.fr\/app\/uploads\/2025\/04\/Capture-decran-2023-11-01-a-16.06.22-8.png","width":958,"height":1230},{"@type":"BreadcrumbList","@id":"https:\/\/sunsun.fr\/en\/festival-paris-en-toutes-lettres-lecture-de-patrick-boucheron-et-christophe-brault\/#breadcrumb","itemListElement":[{"@type":"ListItem","position":1,"name":"Home","item":"https:\/\/sunsun.fr\/en\/"},{"@type":"ListItem","position":2,"name":"Festival Paris en toutes lettres &#8211; Lecture de Patrick Boucheron et Christophe Brault"}]},{"@type":"WebSite","@id":"https:\/\/dev.webxost.com\/sunsun2\/#website","url":"https:\/\/dev.webxost.com\/sunsun2\/","name":"sun\/sun","description":"label de cr\u00e9ation \u00e9ditoriale","potentialAction":[{"@type":"SearchAction","target":{"@type":"EntryPoint","urlTemplate":"https:\/\/dev.webxost.com\/sunsun2\/?s={search_term_string}"},"query-input":{"@type":"PropertyValueSpecification","valueRequired":true,"valueName":"search_term_string"}}],"inLanguage":"en-US"},{"@type":"Person","@id":"https:\/\/dev.webxost.com\/sunsun2\/#\/schema\/person\/6eb1e1219ccc0109cbdfeeda5b31a0e4","name":"sunsun","image":{"@type":"ImageObject","inLanguage":"en-US","@id":"https:\/\/dev.webxost.com\/sunsun2\/#\/schema\/person\/image\/","url":"https:\/\/secure.gravatar.com\/avatar\/512584f5a9a444f9116a0bdb14388a6d?s=96&d=mm&r=g","contentUrl":"https:\/\/secure.gravatar.com\/avatar\/512584f5a9a444f9116a0bdb14388a6d?s=96&d=mm&r=g","caption":"sunsun"}}]}},"_links":{"self":[{"href":"https:\/\/sunsun.fr\/en\/wp-json\/wp\/v2\/posts\/3731"}],"collection":[{"href":"https:\/\/sunsun.fr\/en\/wp-json\/wp\/v2\/posts"}],"about":[{"href":"https:\/\/sunsun.fr\/en\/wp-json\/wp\/v2\/types\/post"}],"author":[{"embeddable":true,"href":"https:\/\/sunsun.fr\/en\/wp-json\/wp\/v2\/users\/2"}],"replies":[{"embeddable":true,"href":"https:\/\/sunsun.fr\/en\/wp-json\/wp\/v2\/comments?post=3731"}],"version-history":[{"count":1,"href":"https:\/\/sunsun.fr\/en\/wp-json\/wp\/v2\/posts\/3731\/revisions"}],"predecessor-version":[{"id":3736,"href":"https:\/\/sunsun.fr\/en\/wp-json\/wp\/v2\/posts\/3731\/revisions\/3736"}],"wp:featuredmedia":[{"embeddable":true,"href":"https:\/\/sunsun.fr\/en\/wp-json\/wp\/v2\/media\/3732"}],"wp:attachment":[{"href":"https:\/\/sunsun.fr\/en\/wp-json\/wp\/v2\/media?parent=3731"}],"wp:term":[{"taxonomy":"category","embeddable":true,"href":"https:\/\/sunsun.fr\/en\/wp-json\/wp\/v2\/categories?post=3731"},{"taxonomy":"post_tag","embeddable":true,"href":"https:\/\/sunsun.fr\/en\/wp-json\/wp\/v2\/tags?post=3731"}],"curies":[{"name":"wp","href":"https:\/\/api.w.org\/{rel}","templated":true}]}}