{"id":3743,"date":"2023-11-01T11:56:39","date_gmt":"2023-11-01T10:56:39","guid":{"rendered":"https:\/\/sunsun.fr\/?p=3743"},"modified":"2025-11-02T17:07:17","modified_gmt":"2025-11-02T16:07:17","slug":"collection-flechette-2-presentation-au-musee-albert-kahn","status":"publish","type":"post","link":"https:\/\/sunsun.fr\/en\/collection-flechette-2-presentation-au-musee-albert-kahn\/","title":{"rendered":"Collection Fl\u00e9chette #2 &#8211; pr\u00e9sentation au Mus\u00e9e Albert-Kahn"},"content":{"rendered":"<p>Le 14 novembre \u00e0 19h30<br \/>\nAuditorium du Mus\u00e9e Albert-Kahn<br \/>\nPr\u00e9sentation et lancement de Fl\u00e9chette #2<\/p>\n<p>Dans le cadre de son cycle de programmation\u00a0\u00ab\u00a0<a href=\"https:\/\/albert-kahn.hauts-de-seine.fr\/les-collections\/editions\/les-invites-de-limprimerie\">Les Invit\u00e9s de l\u2019Imprimerie<\/a>\u00a0\u00bb m\u00ealant lectures et rencontres, le mus\u00e9e d\u00e9partemental Albert-Kahn continue cette ann\u00e9e de mettre \u00e0 l\u2019honneur les autrices et auteurs de la\u00a0<a href=\"https:\/\/sunsun.fr\/editions\/collection-flechette\/\" target=\"_blank\" rel=\"noopener noreferrer\">collection Fl\u00e9chette<\/a>, chaque parution faisant l\u2019objet d\u2019un \u00e9v\u00e9nement particulier.\u00a0Venez d\u00e9couvrir en avant-premi\u00e8re les quatre nouveaux titres de la collection\u00a0(dirig\u00e9e par\u00a0Adrien Genoudet\u00a0et \u00e9dit\u00e9e par\u00a0<a href=\"https:\/\/sunsun.fr\/\" target=\"_blank\" rel=\"noopener noreferrer\">sun\/sun<\/a>), collection de livres o\u00f9 dialoguent les images des<a href=\"https:\/\/albert-kahn.hauts-de-seine.fr\/les-collections\/presentation\/photographies-et-films\/les-archives-de-la-planete\" target=\"_blank\" rel=\"noopener noreferrer\">\u00a0Archives de la Plan\u00e8te<\/a>\u00a0avec des textes d\u2019auteurs contemporains. Rencontrez leurs autrices et assistez \u00e0 la lecture d&#8217;Am\u00e9lie Lucas-Gary qui inaugure cette nouvelle saison de rencontres litt\u00e9raires !<\/p>\n<p>Cet \u00e9v\u00e9nement s&#8217;inscrit dans le cadre des\u00a0<a href=\"https:\/\/albert-kahn.hauts-de-seine.fr\/les-collections\/editions\/les-invites-de-limprimerie\">Invit\u00e9s de l&#8217;Imprimerie<\/a>\u00a0qui met \u00e0 l&#8217;honneur ce premier semestre les auteurs et autrices de la\u00a0<a href=\"https:\/\/albert-kahn.hauts-de-seine.fr\/les-invites-imprimerie\/lancement-flechette\" target=\"_blank\" rel=\"noopener noreferrer\">collection Fl\u00e9chette<\/a>, dirig\u00e9e par Adrien Genoudet et publi\u00e9e par\u00a0<a href=\"https:\/\/sunsun.fr\/\" target=\"_blank\" rel=\"noopener noreferrer\">sun\/sun<\/a>.<\/p>\n<p><em>Avec le soutien des Amis du mus\u00e9e d\u00e9partemental Albert-Kahn<\/em><\/p>\n<p>RDV l\u2019auditorium le 14 novembre pour f\u00eater la sortie des quatre nouveaux titres.<\/p>\n<p>\u2192<\/p>\n<p>\u2022 Patrick Boucheron \u2013 \u00ab Les colonnes de San Lorenzo \u00bb<br \/>\n\u2022 Marie Cosnay \u2013 \u00ab Toi et ton fr\u00e8re \u00bb<br \/>\n\u2022 Marcelline Delbecq \u2013 \u00ab Envol\u00e9e \u00bb<br \/>\n\u2022 Am\u00e9lie Lucas-Gary \u2013 \u00ab F\u00e9ticheuses \u00bb<\/p>\n<p>Rencontrez les autrices Am\u00e9lie Lucas-Gary, Marie Cosnay et Marcelline Delbecq, l&#8217;\u00e9ditrice C\u00e9line P\u00e9vrier et le directeur de la collection Fl\u00e9chette Adrien Genoudet. Am\u00e9lie Lucas-Gary fera une lecture int\u00e9grale de son texte \u00ab F\u00e9ticheuses \u00bb.<\/p>\n<p>Gratuit sur r\u00e9servation sur le site internet du <a href=\"https:\/\/albert-kahn.hauts-de-seine.fr\/agenda\/detail\/les-invites-de-limprimerie-n9-lancement-de-la-collection-flechette-2\">mus\u00e9e Albert-Kahn<\/a><\/p>\n<p>Portraits : Am\u00e9lie Lucas-Gary, Bertrand Lap\u00e8gue, www.remue.net, St\u00e9phane Charpentier, Vincent Courtois<\/p>\n","protected":false},"excerpt":{"rendered":"<p>Le 14 novembre \u00e0 19h30 Auditorium du Mus\u00e9e Albert-Kahn Pr\u00e9sentation et lancement de Fl\u00e9chette #2 Dans le cadre de son cycle de programmation\u00a0\u00ab\u00a0Les Invit\u00e9s de l\u2019Imprimerie\u00a0\u00bb m\u00ealant lectures et rencontres, le mus\u00e9e d\u00e9partemental Albert-Kahn continue cette ann\u00e9e de mettre \u00e0 l\u2019honneur les autrices et auteurs de la\u00a0collection Fl\u00e9chette, chaque parution faisant l\u2019objet d\u2019un \u00e9v\u00e9nement particulier.\u00a0Venez [&hellip;]<\/p>\n","protected":false},"author":2,"featured_media":3745,"comment_status":"open","ping_status":"open","sticky":false,"template":"","format":"standard","meta":{"_acf_changed":false,"_exactmetrics_skip_tracking":false,"_exactmetrics_sitenote_active":false,"_exactmetrics_sitenote_note":"","_exactmetrics_sitenote_category":0,"footnotes":""},"categories":[221],"tags":[],"class_list":["post-3743","post","type-post","status-publish","format-standard","has-post-thumbnail","hentry","category-rencontre-lecture"],"acf":[],"yoast_head":"<!-- This site is optimized with the Yoast SEO plugin v23.5 - https:\/\/yoast.com\/wordpress\/plugins\/seo\/ -->\n<title>Collection Fl\u00e9chette #2 - pr\u00e9sentation au Mus\u00e9e Albert-Kahn - sun\/sun<\/title>\n<meta name=\"robots\" content=\"index, follow, max-snippet:-1, max-image-preview:large, max-video-preview:-1\" \/>\n<link rel=\"canonical\" href=\"https:\/\/sunsun.fr\/en\/collection-flechette-2-presentation-au-musee-albert-kahn\/\" \/>\n<meta property=\"og:locale\" content=\"en_US\" \/>\n<meta property=\"og:type\" content=\"article\" \/>\n<meta property=\"og:title\" content=\"Collection Fl\u00e9chette #2 - pr\u00e9sentation au Mus\u00e9e Albert-Kahn - sun\/sun\" \/>\n<meta property=\"og:description\" content=\"Le 14 novembre \u00e0 19h30 Auditorium du Mus\u00e9e Albert-Kahn Pr\u00e9sentation et lancement de Fl\u00e9chette #2 Dans le cadre de son cycle de programmation\u00a0\u00ab\u00a0Les Invit\u00e9s de l\u2019Imprimerie\u00a0\u00bb m\u00ealant lectures et rencontres, le mus\u00e9e d\u00e9partemental Albert-Kahn continue cette ann\u00e9e de mettre \u00e0 l\u2019honneur les autrices et auteurs de la\u00a0collection Fl\u00e9chette, chaque parution faisant l\u2019objet d\u2019un \u00e9v\u00e9nement particulier.\u00a0Venez [&hellip;]\" \/>\n<meta property=\"og:url\" content=\"https:\/\/sunsun.fr\/en\/collection-flechette-2-presentation-au-musee-albert-kahn\/\" \/>\n<meta property=\"og:site_name\" content=\"sun\/sun\" \/>\n<meta property=\"article:publisher\" content=\"https:\/\/www.facebook.com\/icisunsun\" \/>\n<meta property=\"article:published_time\" content=\"2023-11-01T10:56:39+00:00\" \/>\n<meta property=\"article:modified_time\" content=\"2025-11-02T16:07:17+00:00\" \/>\n<meta property=\"og:image\" content=\"https:\/\/sunsun.fr\/app\/uploads\/2025\/04\/Capture-decran-2023-11-01-a-12.48.28-8.png\" \/>\n\t<meta property=\"og:image:width\" content=\"1430\" \/>\n\t<meta property=\"og:image:height\" content=\"1012\" \/>\n\t<meta property=\"og:image:type\" content=\"image\/png\" \/>\n<meta name=\"author\" content=\"sunsun\" \/>\n<meta name=\"twitter:card\" content=\"summary_large_image\" \/>\n<meta name=\"twitter:label1\" content=\"Written by\" \/>\n\t<meta name=\"twitter:data1\" content=\"sunsun\" \/>\n\t<meta name=\"twitter:label2\" content=\"Est. reading time\" \/>\n\t<meta name=\"twitter:data2\" content=\"2 minutes\" \/>\n<script type=\"application\/ld+json\" class=\"yoast-schema-graph\">{\"@context\":\"https:\/\/schema.org\",\"@graph\":[{\"@type\":\"WebPage\",\"@id\":\"https:\/\/sunsun.fr\/en\/collection-flechette-2-presentation-au-musee-albert-kahn\/\",\"url\":\"https:\/\/sunsun.fr\/en\/collection-flechette-2-presentation-au-musee-albert-kahn\/\",\"name\":\"Collection Fl\u00e9chette #2 - pr\u00e9sentation au Mus\u00e9e Albert-Kahn - sun\/sun\",\"isPartOf\":{\"@id\":\"https:\/\/dev.webxost.com\/sunsun2\/#website\"},\"primaryImageOfPage\":{\"@id\":\"https:\/\/sunsun.fr\/en\/collection-flechette-2-presentation-au-musee-albert-kahn\/#primaryimage\"},\"image\":{\"@id\":\"https:\/\/sunsun.fr\/en\/collection-flechette-2-presentation-au-musee-albert-kahn\/#primaryimage\"},\"thumbnailUrl\":\"https:\/\/sunsun.fr\/app\/uploads\/2025\/04\/Capture-decran-2023-11-01-a-12.48.28-8.png\",\"datePublished\":\"2023-11-01T10:56:39+00:00\",\"dateModified\":\"2025-11-02T16:07:17+00:00\",\"author\":{\"@id\":\"https:\/\/dev.webxost.com\/sunsun2\/#\/schema\/person\/6eb1e1219ccc0109cbdfeeda5b31a0e4\"},\"breadcrumb\":{\"@id\":\"https:\/\/sunsun.fr\/en\/collection-flechette-2-presentation-au-musee-albert-kahn\/#breadcrumb\"},\"inLanguage\":\"en-US\",\"potentialAction\":[{\"@type\":\"ReadAction\",\"target\":[\"https:\/\/sunsun.fr\/en\/collection-flechette-2-presentation-au-musee-albert-kahn\/\"]}]},{\"@type\":\"ImageObject\",\"inLanguage\":\"en-US\",\"@id\":\"https:\/\/sunsun.fr\/en\/collection-flechette-2-presentation-au-musee-albert-kahn\/#primaryimage\",\"url\":\"https:\/\/sunsun.fr\/app\/uploads\/2025\/04\/Capture-decran-2023-11-01-a-12.48.28-8.png\",\"contentUrl\":\"https:\/\/sunsun.fr\/app\/uploads\/2025\/04\/Capture-decran-2023-11-01-a-12.48.28-8.png\",\"width\":1430,\"height\":1012},{\"@type\":\"BreadcrumbList\",\"@id\":\"https:\/\/sunsun.fr\/en\/collection-flechette-2-presentation-au-musee-albert-kahn\/#breadcrumb\",\"itemListElement\":[{\"@type\":\"ListItem\",\"position\":1,\"name\":\"Home\",\"item\":\"https:\/\/sunsun.fr\/en\/\"},{\"@type\":\"ListItem\",\"position\":2,\"name\":\"Collection Fl\u00e9chette #2 &#8211; pr\u00e9sentation au Mus\u00e9e Albert-Kahn\"}]},{\"@type\":\"WebSite\",\"@id\":\"https:\/\/dev.webxost.com\/sunsun2\/#website\",\"url\":\"https:\/\/dev.webxost.com\/sunsun2\/\",\"name\":\"sun\/sun\",\"description\":\"label de cr\u00e9ation \u00e9ditoriale\",\"potentialAction\":[{\"@type\":\"SearchAction\",\"target\":{\"@type\":\"EntryPoint\",\"urlTemplate\":\"https:\/\/dev.webxost.com\/sunsun2\/?s={search_term_string}\"},\"query-input\":{\"@type\":\"PropertyValueSpecification\",\"valueRequired\":true,\"valueName\":\"search_term_string\"}}],\"inLanguage\":\"en-US\"},{\"@type\":\"Person\",\"@id\":\"https:\/\/dev.webxost.com\/sunsun2\/#\/schema\/person\/6eb1e1219ccc0109cbdfeeda5b31a0e4\",\"name\":\"sunsun\",\"image\":{\"@type\":\"ImageObject\",\"inLanguage\":\"en-US\",\"@id\":\"https:\/\/dev.webxost.com\/sunsun2\/#\/schema\/person\/image\/\",\"url\":\"https:\/\/secure.gravatar.com\/avatar\/512584f5a9a444f9116a0bdb14388a6d?s=96&d=mm&r=g\",\"contentUrl\":\"https:\/\/secure.gravatar.com\/avatar\/512584f5a9a444f9116a0bdb14388a6d?s=96&d=mm&r=g\",\"caption\":\"sunsun\"}}]}<\/script>\n<!-- \/ Yoast SEO plugin. -->","yoast_head_json":{"title":"Collection Fl\u00e9chette #2 - pr\u00e9sentation au Mus\u00e9e Albert-Kahn - sun\/sun","robots":{"index":"index","follow":"follow","max-snippet":"max-snippet:-1","max-image-preview":"max-image-preview:large","max-video-preview":"max-video-preview:-1"},"canonical":"https:\/\/sunsun.fr\/en\/collection-flechette-2-presentation-au-musee-albert-kahn\/","og_locale":"en_US","og_type":"article","og_title":"Collection Fl\u00e9chette #2 - pr\u00e9sentation au Mus\u00e9e Albert-Kahn - sun\/sun","og_description":"Le 14 novembre \u00e0 19h30 Auditorium du Mus\u00e9e Albert-Kahn Pr\u00e9sentation et lancement de Fl\u00e9chette #2 Dans le cadre de son cycle de programmation\u00a0\u00ab\u00a0Les Invit\u00e9s de l\u2019Imprimerie\u00a0\u00bb m\u00ealant lectures et rencontres, le mus\u00e9e d\u00e9partemental Albert-Kahn continue cette ann\u00e9e de mettre \u00e0 l\u2019honneur les autrices et auteurs de la\u00a0collection Fl\u00e9chette, chaque parution faisant l\u2019objet d\u2019un \u00e9v\u00e9nement particulier.\u00a0Venez [&hellip;]","og_url":"https:\/\/sunsun.fr\/en\/collection-flechette-2-presentation-au-musee-albert-kahn\/","og_site_name":"sun\/sun","article_publisher":"https:\/\/www.facebook.com\/icisunsun","article_published_time":"2023-11-01T10:56:39+00:00","article_modified_time":"2025-11-02T16:07:17+00:00","og_image":[{"width":1430,"height":1012,"url":"https:\/\/sunsun.fr\/app\/uploads\/2025\/04\/Capture-decran-2023-11-01-a-12.48.28-8.png","type":"image\/png"}],"author":"sunsun","twitter_card":"summary_large_image","twitter_misc":{"Written by":"sunsun","Est. reading time":"2 minutes"},"schema":{"@context":"https:\/\/schema.org","@graph":[{"@type":"WebPage","@id":"https:\/\/sunsun.fr\/en\/collection-flechette-2-presentation-au-musee-albert-kahn\/","url":"https:\/\/sunsun.fr\/en\/collection-flechette-2-presentation-au-musee-albert-kahn\/","name":"Collection Fl\u00e9chette #2 - pr\u00e9sentation au Mus\u00e9e Albert-Kahn - sun\/sun","isPartOf":{"@id":"https:\/\/dev.webxost.com\/sunsun2\/#website"},"primaryImageOfPage":{"@id":"https:\/\/sunsun.fr\/en\/collection-flechette-2-presentation-au-musee-albert-kahn\/#primaryimage"},"image":{"@id":"https:\/\/sunsun.fr\/en\/collection-flechette-2-presentation-au-musee-albert-kahn\/#primaryimage"},"thumbnailUrl":"https:\/\/sunsun.fr\/app\/uploads\/2025\/04\/Capture-decran-2023-11-01-a-12.48.28-8.png","datePublished":"2023-11-01T10:56:39+00:00","dateModified":"2025-11-02T16:07:17+00:00","author":{"@id":"https:\/\/dev.webxost.com\/sunsun2\/#\/schema\/person\/6eb1e1219ccc0109cbdfeeda5b31a0e4"},"breadcrumb":{"@id":"https:\/\/sunsun.fr\/en\/collection-flechette-2-presentation-au-musee-albert-kahn\/#breadcrumb"},"inLanguage":"en-US","potentialAction":[{"@type":"ReadAction","target":["https:\/\/sunsun.fr\/en\/collection-flechette-2-presentation-au-musee-albert-kahn\/"]}]},{"@type":"ImageObject","inLanguage":"en-US","@id":"https:\/\/sunsun.fr\/en\/collection-flechette-2-presentation-au-musee-albert-kahn\/#primaryimage","url":"https:\/\/sunsun.fr\/app\/uploads\/2025\/04\/Capture-decran-2023-11-01-a-12.48.28-8.png","contentUrl":"https:\/\/sunsun.fr\/app\/uploads\/2025\/04\/Capture-decran-2023-11-01-a-12.48.28-8.png","width":1430,"height":1012},{"@type":"BreadcrumbList","@id":"https:\/\/sunsun.fr\/en\/collection-flechette-2-presentation-au-musee-albert-kahn\/#breadcrumb","itemListElement":[{"@type":"ListItem","position":1,"name":"Home","item":"https:\/\/sunsun.fr\/en\/"},{"@type":"ListItem","position":2,"name":"Collection Fl\u00e9chette #2 &#8211; pr\u00e9sentation au Mus\u00e9e Albert-Kahn"}]},{"@type":"WebSite","@id":"https:\/\/dev.webxost.com\/sunsun2\/#website","url":"https:\/\/dev.webxost.com\/sunsun2\/","name":"sun\/sun","description":"label de cr\u00e9ation \u00e9ditoriale","potentialAction":[{"@type":"SearchAction","target":{"@type":"EntryPoint","urlTemplate":"https:\/\/dev.webxost.com\/sunsun2\/?s={search_term_string}"},"query-input":{"@type":"PropertyValueSpecification","valueRequired":true,"valueName":"search_term_string"}}],"inLanguage":"en-US"},{"@type":"Person","@id":"https:\/\/dev.webxost.com\/sunsun2\/#\/schema\/person\/6eb1e1219ccc0109cbdfeeda5b31a0e4","name":"sunsun","image":{"@type":"ImageObject","inLanguage":"en-US","@id":"https:\/\/dev.webxost.com\/sunsun2\/#\/schema\/person\/image\/","url":"https:\/\/secure.gravatar.com\/avatar\/512584f5a9a444f9116a0bdb14388a6d?s=96&d=mm&r=g","contentUrl":"https:\/\/secure.gravatar.com\/avatar\/512584f5a9a444f9116a0bdb14388a6d?s=96&d=mm&r=g","caption":"sunsun"}}]}},"_links":{"self":[{"href":"https:\/\/sunsun.fr\/en\/wp-json\/wp\/v2\/posts\/3743"}],"collection":[{"href":"https:\/\/sunsun.fr\/en\/wp-json\/wp\/v2\/posts"}],"about":[{"href":"https:\/\/sunsun.fr\/en\/wp-json\/wp\/v2\/types\/post"}],"author":[{"embeddable":true,"href":"https:\/\/sunsun.fr\/en\/wp-json\/wp\/v2\/users\/2"}],"replies":[{"embeddable":true,"href":"https:\/\/sunsun.fr\/en\/wp-json\/wp\/v2\/comments?post=3743"}],"version-history":[{"count":1,"href":"https:\/\/sunsun.fr\/en\/wp-json\/wp\/v2\/posts\/3743\/revisions"}],"predecessor-version":[{"id":3748,"href":"https:\/\/sunsun.fr\/en\/wp-json\/wp\/v2\/posts\/3743\/revisions\/3748"}],"wp:featuredmedia":[{"embeddable":true,"href":"https:\/\/sunsun.fr\/en\/wp-json\/wp\/v2\/media\/3745"}],"wp:attachment":[{"href":"https:\/\/sunsun.fr\/en\/wp-json\/wp\/v2\/media?parent=3743"}],"wp:term":[{"taxonomy":"category","embeddable":true,"href":"https:\/\/sunsun.fr\/en\/wp-json\/wp\/v2\/categories?post=3743"},{"taxonomy":"post_tag","embeddable":true,"href":"https:\/\/sunsun.fr\/en\/wp-json\/wp\/v2\/tags?post=3743"}],"curies":[{"name":"wp","href":"https:\/\/api.w.org\/{rel}","templated":true}]}}