{"id":3789,"date":"2023-06-01T13:59:22","date_gmt":"2023-06-01T11:59:22","guid":{"rendered":"https:\/\/sunsun.fr\/?p=3789"},"modified":"2025-11-02T16:00:52","modified_gmt":"2025-11-02T15:00:52","slug":"shortlist-prix-du-livre-arles-2023-aux-jours-inoubliables-de-gael-bonnefon","status":"publish","type":"post","link":"https:\/\/sunsun.fr\/en\/shortlist-prix-du-livre-arles-2023-aux-jours-inoubliables-de-gael-bonnefon\/","title":{"rendered":"Shortlist Prix du livre Arles 2023 &#8211; Aux jours inoubliables de Ga\u00ebl Bonnefon"},"content":{"rendered":"<p>Heureux d&#8217;annoncer que le livre &#8220;Aux jours inoubliables&#8221; &#8211; &#8220;To the Unforgettable Days&#8221; de Ga\u00ebl Bonnefon est shortlist\u00e9 pour le Prix du Livre d&#8217;Auteur \/ Les Rencontres d&#8217;Arles. Parmi d&#8217;autres livres \u00e9tonnants, il sera expos\u00e9 dans le cadre du festival du 3 juillet au 24 septembre.<br \/>\nLe 4 juillet au soir au Th\u00e9\u00e2tre antique, les laur\u00e9ats du Prix du livre seront annonc\u00e9s et c\u00e9l\u00e9br\u00e9s.<\/p>\n<p>Un livre de Ga\u00ebl Bonnefon<br \/>\nDesign graphique de Typical Organization<br \/>\nImpression par The Future Format<\/p>\n","protected":false},"excerpt":{"rendered":"<p>Heureux d&#8217;annoncer que le livre &#8220;Aux jours inoubliables&#8221; &#8211; &#8220;To the Unforgettable Days&#8221; de Ga\u00ebl Bonnefon est shortlist\u00e9 pour le Prix du Livre d&#8217;Auteur \/ Les Rencontres d&#8217;Arles. Parmi d&#8217;autres livres \u00e9tonnants, il sera expos\u00e9 dans le cadre du festival du 3 juillet au 24 septembre. Le 4 juillet au soir au Th\u00e9\u00e2tre antique, les [&hellip;]<\/p>\n","protected":false},"author":2,"featured_media":3790,"comment_status":"open","ping_status":"open","sticky":false,"template":"","format":"standard","meta":{"_acf_changed":false,"_exactmetrics_skip_tracking":false,"_exactmetrics_sitenote_active":false,"_exactmetrics_sitenote_note":"","_exactmetrics_sitenote_category":0,"footnotes":""},"categories":[113],"tags":[],"class_list":["post-3789","post","type-post","status-publish","format-standard","has-post-thumbnail","hentry","category-press-en"],"acf":[],"yoast_head":"<!-- This site is optimized with the Yoast SEO plugin v23.5 - https:\/\/yoast.com\/wordpress\/plugins\/seo\/ -->\n<title>Shortlist Prix du livre Arles 2023 - Aux jours inoubliables de Ga\u00ebl Bonnefon - sun\/sun<\/title>\n<meta name=\"robots\" content=\"index, follow, max-snippet:-1, max-image-preview:large, max-video-preview:-1\" \/>\n<link rel=\"canonical\" href=\"https:\/\/sunsun.fr\/en\/shortlist-prix-du-livre-arles-2023-aux-jours-inoubliables-de-gael-bonnefon\/\" \/>\n<meta property=\"og:locale\" content=\"en_US\" \/>\n<meta property=\"og:type\" content=\"article\" \/>\n<meta property=\"og:title\" content=\"Shortlist Prix du livre Arles 2023 - Aux jours inoubliables de Ga\u00ebl Bonnefon - sun\/sun\" \/>\n<meta property=\"og:description\" content=\"Heureux d&#8217;annoncer que le livre &#8220;Aux jours inoubliables&#8221; &#8211; &#8220;To the Unforgettable Days&#8221; de Ga\u00ebl Bonnefon est shortlist\u00e9 pour le Prix du Livre d&#8217;Auteur \/ Les Rencontres d&#8217;Arles. Parmi d&#8217;autres livres \u00e9tonnants, il sera expos\u00e9 dans le cadre du festival du 3 juillet au 24 septembre. Le 4 juillet au soir au Th\u00e9\u00e2tre antique, les [&hellip;]\" \/>\n<meta property=\"og:url\" content=\"https:\/\/sunsun.fr\/en\/shortlist-prix-du-livre-arles-2023-aux-jours-inoubliables-de-gael-bonnefon\/\" \/>\n<meta property=\"og:site_name\" content=\"sun\/sun\" \/>\n<meta property=\"article:publisher\" content=\"https:\/\/www.facebook.com\/icisunsun\" \/>\n<meta property=\"article:published_time\" content=\"2023-06-01T11:59:22+00:00\" \/>\n<meta property=\"article:modified_time\" content=\"2025-11-02T15:00:52+00:00\" \/>\n<meta property=\"og:image\" content=\"https:\/\/sunsun.fr\/app\/uploads\/2025\/04\/Artboard-1-copy-2-8.jpg\" \/>\n\t<meta property=\"og:image:width\" content=\"2000\" \/>\n\t<meta property=\"og:image:height\" content=\"2000\" \/>\n\t<meta property=\"og:image:type\" content=\"image\/jpeg\" \/>\n<meta name=\"author\" content=\"sunsun\" \/>\n<meta name=\"twitter:card\" content=\"summary_large_image\" \/>\n<meta name=\"twitter:label1\" content=\"Written by\" \/>\n\t<meta name=\"twitter:data1\" content=\"sunsun\" \/>\n\t<meta name=\"twitter:label2\" content=\"Est. reading time\" \/>\n\t<meta name=\"twitter:data2\" content=\"1 minute\" \/>\n<script type=\"application\/ld+json\" class=\"yoast-schema-graph\">{\"@context\":\"https:\/\/schema.org\",\"@graph\":[{\"@type\":\"WebPage\",\"@id\":\"https:\/\/sunsun.fr\/en\/shortlist-prix-du-livre-arles-2023-aux-jours-inoubliables-de-gael-bonnefon\/\",\"url\":\"https:\/\/sunsun.fr\/en\/shortlist-prix-du-livre-arles-2023-aux-jours-inoubliables-de-gael-bonnefon\/\",\"name\":\"Shortlist Prix du livre Arles 2023 - Aux jours inoubliables de Ga\u00ebl Bonnefon - sun\/sun\",\"isPartOf\":{\"@id\":\"https:\/\/dev.webxost.com\/sunsun2\/#website\"},\"primaryImageOfPage\":{\"@id\":\"https:\/\/sunsun.fr\/en\/shortlist-prix-du-livre-arles-2023-aux-jours-inoubliables-de-gael-bonnefon\/#primaryimage\"},\"image\":{\"@id\":\"https:\/\/sunsun.fr\/en\/shortlist-prix-du-livre-arles-2023-aux-jours-inoubliables-de-gael-bonnefon\/#primaryimage\"},\"thumbnailUrl\":\"https:\/\/sunsun.fr\/app\/uploads\/2025\/04\/Artboard-1-copy-2-8.jpg\",\"datePublished\":\"2023-06-01T11:59:22+00:00\",\"dateModified\":\"2025-11-02T15:00:52+00:00\",\"author\":{\"@id\":\"https:\/\/dev.webxost.com\/sunsun2\/#\/schema\/person\/6eb1e1219ccc0109cbdfeeda5b31a0e4\"},\"breadcrumb\":{\"@id\":\"https:\/\/sunsun.fr\/en\/shortlist-prix-du-livre-arles-2023-aux-jours-inoubliables-de-gael-bonnefon\/#breadcrumb\"},\"inLanguage\":\"en-US\",\"potentialAction\":[{\"@type\":\"ReadAction\",\"target\":[\"https:\/\/sunsun.fr\/en\/shortlist-prix-du-livre-arles-2023-aux-jours-inoubliables-de-gael-bonnefon\/\"]}]},{\"@type\":\"ImageObject\",\"inLanguage\":\"en-US\",\"@id\":\"https:\/\/sunsun.fr\/en\/shortlist-prix-du-livre-arles-2023-aux-jours-inoubliables-de-gael-bonnefon\/#primaryimage\",\"url\":\"https:\/\/sunsun.fr\/app\/uploads\/2025\/04\/Artboard-1-copy-2-8.jpg\",\"contentUrl\":\"https:\/\/sunsun.fr\/app\/uploads\/2025\/04\/Artboard-1-copy-2-8.jpg\",\"width\":2000,\"height\":2000},{\"@type\":\"BreadcrumbList\",\"@id\":\"https:\/\/sunsun.fr\/en\/shortlist-prix-du-livre-arles-2023-aux-jours-inoubliables-de-gael-bonnefon\/#breadcrumb\",\"itemListElement\":[{\"@type\":\"ListItem\",\"position\":1,\"name\":\"Home\",\"item\":\"https:\/\/sunsun.fr\/en\/\"},{\"@type\":\"ListItem\",\"position\":2,\"name\":\"Shortlist Prix du livre Arles 2023 &#8211; Aux jours inoubliables de Ga\u00ebl Bonnefon\"}]},{\"@type\":\"WebSite\",\"@id\":\"https:\/\/dev.webxost.com\/sunsun2\/#website\",\"url\":\"https:\/\/dev.webxost.com\/sunsun2\/\",\"name\":\"sun\/sun\",\"description\":\"label de cr\u00e9ation \u00e9ditoriale\",\"potentialAction\":[{\"@type\":\"SearchAction\",\"target\":{\"@type\":\"EntryPoint\",\"urlTemplate\":\"https:\/\/dev.webxost.com\/sunsun2\/?s={search_term_string}\"},\"query-input\":{\"@type\":\"PropertyValueSpecification\",\"valueRequired\":true,\"valueName\":\"search_term_string\"}}],\"inLanguage\":\"en-US\"},{\"@type\":\"Person\",\"@id\":\"https:\/\/dev.webxost.com\/sunsun2\/#\/schema\/person\/6eb1e1219ccc0109cbdfeeda5b31a0e4\",\"name\":\"sunsun\",\"image\":{\"@type\":\"ImageObject\",\"inLanguage\":\"en-US\",\"@id\":\"https:\/\/dev.webxost.com\/sunsun2\/#\/schema\/person\/image\/\",\"url\":\"https:\/\/secure.gravatar.com\/avatar\/512584f5a9a444f9116a0bdb14388a6d?s=96&d=mm&r=g\",\"contentUrl\":\"https:\/\/secure.gravatar.com\/avatar\/512584f5a9a444f9116a0bdb14388a6d?s=96&d=mm&r=g\",\"caption\":\"sunsun\"}}]}<\/script>\n<!-- \/ Yoast SEO plugin. -->","yoast_head_json":{"title":"Shortlist Prix du livre Arles 2023 - Aux jours inoubliables de Ga\u00ebl Bonnefon - sun\/sun","robots":{"index":"index","follow":"follow","max-snippet":"max-snippet:-1","max-image-preview":"max-image-preview:large","max-video-preview":"max-video-preview:-1"},"canonical":"https:\/\/sunsun.fr\/en\/shortlist-prix-du-livre-arles-2023-aux-jours-inoubliables-de-gael-bonnefon\/","og_locale":"en_US","og_type":"article","og_title":"Shortlist Prix du livre Arles 2023 - Aux jours inoubliables de Ga\u00ebl Bonnefon - sun\/sun","og_description":"Heureux d&#8217;annoncer que le livre &#8220;Aux jours inoubliables&#8221; &#8211; &#8220;To the Unforgettable Days&#8221; de Ga\u00ebl Bonnefon est shortlist\u00e9 pour le Prix du Livre d&#8217;Auteur \/ Les Rencontres d&#8217;Arles. Parmi d&#8217;autres livres \u00e9tonnants, il sera expos\u00e9 dans le cadre du festival du 3 juillet au 24 septembre. Le 4 juillet au soir au Th\u00e9\u00e2tre antique, les [&hellip;]","og_url":"https:\/\/sunsun.fr\/en\/shortlist-prix-du-livre-arles-2023-aux-jours-inoubliables-de-gael-bonnefon\/","og_site_name":"sun\/sun","article_publisher":"https:\/\/www.facebook.com\/icisunsun","article_published_time":"2023-06-01T11:59:22+00:00","article_modified_time":"2025-11-02T15:00:52+00:00","og_image":[{"width":2000,"height":2000,"url":"https:\/\/sunsun.fr\/app\/uploads\/2025\/04\/Artboard-1-copy-2-8.jpg","type":"image\/jpeg"}],"author":"sunsun","twitter_card":"summary_large_image","twitter_misc":{"Written by":"sunsun","Est. reading time":"1 minute"},"schema":{"@context":"https:\/\/schema.org","@graph":[{"@type":"WebPage","@id":"https:\/\/sunsun.fr\/en\/shortlist-prix-du-livre-arles-2023-aux-jours-inoubliables-de-gael-bonnefon\/","url":"https:\/\/sunsun.fr\/en\/shortlist-prix-du-livre-arles-2023-aux-jours-inoubliables-de-gael-bonnefon\/","name":"Shortlist Prix du livre Arles 2023 - Aux jours inoubliables de Ga\u00ebl Bonnefon - sun\/sun","isPartOf":{"@id":"https:\/\/dev.webxost.com\/sunsun2\/#website"},"primaryImageOfPage":{"@id":"https:\/\/sunsun.fr\/en\/shortlist-prix-du-livre-arles-2023-aux-jours-inoubliables-de-gael-bonnefon\/#primaryimage"},"image":{"@id":"https:\/\/sunsun.fr\/en\/shortlist-prix-du-livre-arles-2023-aux-jours-inoubliables-de-gael-bonnefon\/#primaryimage"},"thumbnailUrl":"https:\/\/sunsun.fr\/app\/uploads\/2025\/04\/Artboard-1-copy-2-8.jpg","datePublished":"2023-06-01T11:59:22+00:00","dateModified":"2025-11-02T15:00:52+00:00","author":{"@id":"https:\/\/dev.webxost.com\/sunsun2\/#\/schema\/person\/6eb1e1219ccc0109cbdfeeda5b31a0e4"},"breadcrumb":{"@id":"https:\/\/sunsun.fr\/en\/shortlist-prix-du-livre-arles-2023-aux-jours-inoubliables-de-gael-bonnefon\/#breadcrumb"},"inLanguage":"en-US","potentialAction":[{"@type":"ReadAction","target":["https:\/\/sunsun.fr\/en\/shortlist-prix-du-livre-arles-2023-aux-jours-inoubliables-de-gael-bonnefon\/"]}]},{"@type":"ImageObject","inLanguage":"en-US","@id":"https:\/\/sunsun.fr\/en\/shortlist-prix-du-livre-arles-2023-aux-jours-inoubliables-de-gael-bonnefon\/#primaryimage","url":"https:\/\/sunsun.fr\/app\/uploads\/2025\/04\/Artboard-1-copy-2-8.jpg","contentUrl":"https:\/\/sunsun.fr\/app\/uploads\/2025\/04\/Artboard-1-copy-2-8.jpg","width":2000,"height":2000},{"@type":"BreadcrumbList","@id":"https:\/\/sunsun.fr\/en\/shortlist-prix-du-livre-arles-2023-aux-jours-inoubliables-de-gael-bonnefon\/#breadcrumb","itemListElement":[{"@type":"ListItem","position":1,"name":"Home","item":"https:\/\/sunsun.fr\/en\/"},{"@type":"ListItem","position":2,"name":"Shortlist Prix du livre Arles 2023 &#8211; Aux jours inoubliables de Ga\u00ebl Bonnefon"}]},{"@type":"WebSite","@id":"https:\/\/dev.webxost.com\/sunsun2\/#website","url":"https:\/\/dev.webxost.com\/sunsun2\/","name":"sun\/sun","description":"label de cr\u00e9ation \u00e9ditoriale","potentialAction":[{"@type":"SearchAction","target":{"@type":"EntryPoint","urlTemplate":"https:\/\/dev.webxost.com\/sunsun2\/?s={search_term_string}"},"query-input":{"@type":"PropertyValueSpecification","valueRequired":true,"valueName":"search_term_string"}}],"inLanguage":"en-US"},{"@type":"Person","@id":"https:\/\/dev.webxost.com\/sunsun2\/#\/schema\/person\/6eb1e1219ccc0109cbdfeeda5b31a0e4","name":"sunsun","image":{"@type":"ImageObject","inLanguage":"en-US","@id":"https:\/\/dev.webxost.com\/sunsun2\/#\/schema\/person\/image\/","url":"https:\/\/secure.gravatar.com\/avatar\/512584f5a9a444f9116a0bdb14388a6d?s=96&d=mm&r=g","contentUrl":"https:\/\/secure.gravatar.com\/avatar\/512584f5a9a444f9116a0bdb14388a6d?s=96&d=mm&r=g","caption":"sunsun"}}]}},"_links":{"self":[{"href":"https:\/\/sunsun.fr\/en\/wp-json\/wp\/v2\/posts\/3789"}],"collection":[{"href":"https:\/\/sunsun.fr\/en\/wp-json\/wp\/v2\/posts"}],"about":[{"href":"https:\/\/sunsun.fr\/en\/wp-json\/wp\/v2\/types\/post"}],"author":[{"embeddable":true,"href":"https:\/\/sunsun.fr\/en\/wp-json\/wp\/v2\/users\/2"}],"replies":[{"embeddable":true,"href":"https:\/\/sunsun.fr\/en\/wp-json\/wp\/v2\/comments?post=3789"}],"version-history":[{"count":1,"href":"https:\/\/sunsun.fr\/en\/wp-json\/wp\/v2\/posts\/3789\/revisions"}],"predecessor-version":[{"id":3792,"href":"https:\/\/sunsun.fr\/en\/wp-json\/wp\/v2\/posts\/3789\/revisions\/3792"}],"wp:featuredmedia":[{"embeddable":true,"href":"https:\/\/sunsun.fr\/en\/wp-json\/wp\/v2\/media\/3790"}],"wp:attachment":[{"href":"https:\/\/sunsun.fr\/en\/wp-json\/wp\/v2\/media?parent=3789"}],"wp:term":[{"taxonomy":"category","embeddable":true,"href":"https:\/\/sunsun.fr\/en\/wp-json\/wp\/v2\/categories?post=3789"},{"taxonomy":"post_tag","embeddable":true,"href":"https:\/\/sunsun.fr\/en\/wp-json\/wp\/v2\/tags?post=3789"}],"curies":[{"name":"wp","href":"https:\/\/api.w.org\/{rel}","templated":true}]}}