{"id":3821,"date":"2023-01-15T16:01:26","date_gmt":"2023-01-15T15:01:26","guid":{"rendered":"https:\/\/sunsun.fr\/?p=3821"},"modified":"2025-11-02T16:00:52","modified_gmt":"2025-11-02T15:00:52","slug":"collection-flechette-dans-vallee-de-la-culture","status":"publish","type":"post","link":"https:\/\/sunsun.fr\/en\/collection-flechette-dans-vallee-de-la-culture\/","title":{"rendered":"Collection Fl\u00e9chette dans &#8220;Vall\u00e9e de la culture&#8221;"},"content":{"rendered":"<p>\u00ab\u00a0Lanc\u00e9e le 13 d\u00e9cembre dernier au mus\u00e9e d\u00e9partemental Albert-Kahn, la collection Fl\u00e9chette fait dialoguer les images des Archives de la Plan\u00e8te avec les textes d\u2019autrices et d\u2019auteurs contemporains. L\u2019occasion pour le mus\u00e9e de tisser des liens au long cours avec une sc\u00e8ne litt\u00e9raire vivifiante. (\u2026)<\/p>\n<p>Gr\u00e2ce \u00e0 Fl\u00e9chette, un autre regard est port\u00e9 sur nos collec- tions, des narrations nouvelles font leur apparition, permettant \u00e0 tout un chacun de les d\u00e9couvrir en tout lieu, de s\u2019approprier le fonds et d\u2019en faire, pourquoi pas, sa petite histoire.<\/p>\n<ul>\n<li><em>Vall\u00e9e de la culture<\/em> num\u00e9ro de janvier 2023, Sophie Lecluse<\/li>\n<\/ul>\n","protected":false},"excerpt":{"rendered":"<p>\u00ab\u00a0Lanc\u00e9e le 13 d\u00e9cembre dernier au mus\u00e9e d\u00e9partemental Albert-Kahn, la collection Fl\u00e9chette fait dialoguer les images des Archives de la Plan\u00e8te avec les textes d\u2019autrices et d\u2019auteurs contemporains. L\u2019occasion pour le mus\u00e9e de tisser des liens au long cours avec une sc\u00e8ne litt\u00e9raire vivifiante. (\u2026) Gr\u00e2ce \u00e0 Fl\u00e9chette, un autre regard est port\u00e9 sur nos [&hellip;]<\/p>\n","protected":false},"author":2,"featured_media":3822,"comment_status":"open","ping_status":"open","sticky":false,"template":"","format":"standard","meta":{"_acf_changed":false,"_exactmetrics_skip_tracking":false,"_exactmetrics_sitenote_active":false,"_exactmetrics_sitenote_note":"","_exactmetrics_sitenote_category":0,"footnotes":""},"categories":[113],"tags":[],"class_list":["post-3821","post","type-post","status-publish","format-standard","has-post-thumbnail","hentry","category-press-en"],"acf":[],"yoast_head":"<!-- This site is optimized with the Yoast SEO plugin v23.5 - https:\/\/yoast.com\/wordpress\/plugins\/seo\/ -->\n<title>Collection Fl\u00e9chette dans &quot;Vall\u00e9e de la culture&quot; - sun\/sun<\/title>\n<meta name=\"robots\" content=\"index, follow, max-snippet:-1, max-image-preview:large, max-video-preview:-1\" \/>\n<link rel=\"canonical\" href=\"https:\/\/sunsun.fr\/en\/collection-flechette-dans-vallee-de-la-culture\/\" \/>\n<meta property=\"og:locale\" content=\"en_US\" \/>\n<meta property=\"og:type\" content=\"article\" \/>\n<meta property=\"og:title\" content=\"Collection Fl\u00e9chette dans &quot;Vall\u00e9e de la culture&quot; - sun\/sun\" \/>\n<meta property=\"og:description\" content=\"\u00ab\u00a0Lanc\u00e9e le 13 d\u00e9cembre dernier au mus\u00e9e d\u00e9partemental Albert-Kahn, la collection Fl\u00e9chette fait dialoguer les images des Archives de la Plan\u00e8te avec les textes d\u2019autrices et d\u2019auteurs contemporains. L\u2019occasion pour le mus\u00e9e de tisser des liens au long cours avec une sc\u00e8ne litt\u00e9raire vivifiante. (\u2026) Gr\u00e2ce \u00e0 Fl\u00e9chette, un autre regard est port\u00e9 sur nos [&hellip;]\" \/>\n<meta property=\"og:url\" content=\"https:\/\/sunsun.fr\/en\/collection-flechette-dans-vallee-de-la-culture\/\" \/>\n<meta property=\"og:site_name\" content=\"sun\/sun\" \/>\n<meta property=\"article:publisher\" content=\"https:\/\/www.facebook.com\/icisunsun\" \/>\n<meta property=\"article:published_time\" content=\"2023-01-15T15:01:26+00:00\" \/>\n<meta property=\"article:modified_time\" content=\"2025-11-02T15:00:52+00:00\" \/>\n<meta property=\"og:image\" content=\"https:\/\/sunsun.fr\/app\/uploads\/2025\/04\/Capture-decran-2023-11-01-a-17.03.08-6.png\" \/>\n\t<meta property=\"og:image:width\" content=\"988\" \/>\n\t<meta property=\"og:image:height\" content=\"1138\" \/>\n\t<meta property=\"og:image:type\" content=\"image\/png\" \/>\n<meta name=\"author\" content=\"sunsun\" \/>\n<meta name=\"twitter:card\" content=\"summary_large_image\" \/>\n<meta name=\"twitter:label1\" content=\"Written by\" \/>\n\t<meta name=\"twitter:data1\" content=\"sunsun\" \/>\n<script type=\"application\/ld+json\" class=\"yoast-schema-graph\">{\"@context\":\"https:\/\/schema.org\",\"@graph\":[{\"@type\":\"WebPage\",\"@id\":\"https:\/\/sunsun.fr\/en\/collection-flechette-dans-vallee-de-la-culture\/\",\"url\":\"https:\/\/sunsun.fr\/en\/collection-flechette-dans-vallee-de-la-culture\/\",\"name\":\"Collection Fl\u00e9chette dans \\\"Vall\u00e9e de la culture\\\" - sun\/sun\",\"isPartOf\":{\"@id\":\"https:\/\/dev.webxost.com\/sunsun2\/#website\"},\"primaryImageOfPage\":{\"@id\":\"https:\/\/sunsun.fr\/en\/collection-flechette-dans-vallee-de-la-culture\/#primaryimage\"},\"image\":{\"@id\":\"https:\/\/sunsun.fr\/en\/collection-flechette-dans-vallee-de-la-culture\/#primaryimage\"},\"thumbnailUrl\":\"https:\/\/sunsun.fr\/app\/uploads\/2025\/04\/Capture-decran-2023-11-01-a-17.03.08-6.png\",\"datePublished\":\"2023-01-15T15:01:26+00:00\",\"dateModified\":\"2025-11-02T15:00:52+00:00\",\"author\":{\"@id\":\"https:\/\/dev.webxost.com\/sunsun2\/#\/schema\/person\/6eb1e1219ccc0109cbdfeeda5b31a0e4\"},\"breadcrumb\":{\"@id\":\"https:\/\/sunsun.fr\/en\/collection-flechette-dans-vallee-de-la-culture\/#breadcrumb\"},\"inLanguage\":\"en-US\",\"potentialAction\":[{\"@type\":\"ReadAction\",\"target\":[\"https:\/\/sunsun.fr\/en\/collection-flechette-dans-vallee-de-la-culture\/\"]}]},{\"@type\":\"ImageObject\",\"inLanguage\":\"en-US\",\"@id\":\"https:\/\/sunsun.fr\/en\/collection-flechette-dans-vallee-de-la-culture\/#primaryimage\",\"url\":\"https:\/\/sunsun.fr\/app\/uploads\/2025\/04\/Capture-decran-2023-11-01-a-17.03.08-6.png\",\"contentUrl\":\"https:\/\/sunsun.fr\/app\/uploads\/2025\/04\/Capture-decran-2023-11-01-a-17.03.08-6.png\",\"width\":988,\"height\":1138},{\"@type\":\"BreadcrumbList\",\"@id\":\"https:\/\/sunsun.fr\/en\/collection-flechette-dans-vallee-de-la-culture\/#breadcrumb\",\"itemListElement\":[{\"@type\":\"ListItem\",\"position\":1,\"name\":\"Home\",\"item\":\"https:\/\/sunsun.fr\/en\/\"},{\"@type\":\"ListItem\",\"position\":2,\"name\":\"Collection Fl\u00e9chette dans &#8220;Vall\u00e9e de la culture&#8221;\"}]},{\"@type\":\"WebSite\",\"@id\":\"https:\/\/dev.webxost.com\/sunsun2\/#website\",\"url\":\"https:\/\/dev.webxost.com\/sunsun2\/\",\"name\":\"sun\/sun\",\"description\":\"label de cr\u00e9ation \u00e9ditoriale\",\"potentialAction\":[{\"@type\":\"SearchAction\",\"target\":{\"@type\":\"EntryPoint\",\"urlTemplate\":\"https:\/\/dev.webxost.com\/sunsun2\/?s={search_term_string}\"},\"query-input\":{\"@type\":\"PropertyValueSpecification\",\"valueRequired\":true,\"valueName\":\"search_term_string\"}}],\"inLanguage\":\"en-US\"},{\"@type\":\"Person\",\"@id\":\"https:\/\/dev.webxost.com\/sunsun2\/#\/schema\/person\/6eb1e1219ccc0109cbdfeeda5b31a0e4\",\"name\":\"sunsun\",\"image\":{\"@type\":\"ImageObject\",\"inLanguage\":\"en-US\",\"@id\":\"https:\/\/dev.webxost.com\/sunsun2\/#\/schema\/person\/image\/\",\"url\":\"https:\/\/secure.gravatar.com\/avatar\/512584f5a9a444f9116a0bdb14388a6d?s=96&d=mm&r=g\",\"contentUrl\":\"https:\/\/secure.gravatar.com\/avatar\/512584f5a9a444f9116a0bdb14388a6d?s=96&d=mm&r=g\",\"caption\":\"sunsun\"}}]}<\/script>\n<!-- \/ Yoast SEO plugin. -->","yoast_head_json":{"title":"Collection Fl\u00e9chette dans \"Vall\u00e9e de la culture\" - sun\/sun","robots":{"index":"index","follow":"follow","max-snippet":"max-snippet:-1","max-image-preview":"max-image-preview:large","max-video-preview":"max-video-preview:-1"},"canonical":"https:\/\/sunsun.fr\/en\/collection-flechette-dans-vallee-de-la-culture\/","og_locale":"en_US","og_type":"article","og_title":"Collection Fl\u00e9chette dans \"Vall\u00e9e de la culture\" - sun\/sun","og_description":"\u00ab\u00a0Lanc\u00e9e le 13 d\u00e9cembre dernier au mus\u00e9e d\u00e9partemental Albert-Kahn, la collection Fl\u00e9chette fait dialoguer les images des Archives de la Plan\u00e8te avec les textes d\u2019autrices et d\u2019auteurs contemporains. L\u2019occasion pour le mus\u00e9e de tisser des liens au long cours avec une sc\u00e8ne litt\u00e9raire vivifiante. (\u2026) Gr\u00e2ce \u00e0 Fl\u00e9chette, un autre regard est port\u00e9 sur nos [&hellip;]","og_url":"https:\/\/sunsun.fr\/en\/collection-flechette-dans-vallee-de-la-culture\/","og_site_name":"sun\/sun","article_publisher":"https:\/\/www.facebook.com\/icisunsun","article_published_time":"2023-01-15T15:01:26+00:00","article_modified_time":"2025-11-02T15:00:52+00:00","og_image":[{"width":988,"height":1138,"url":"https:\/\/sunsun.fr\/app\/uploads\/2025\/04\/Capture-decran-2023-11-01-a-17.03.08-6.png","type":"image\/png"}],"author":"sunsun","twitter_card":"summary_large_image","twitter_misc":{"Written by":"sunsun"},"schema":{"@context":"https:\/\/schema.org","@graph":[{"@type":"WebPage","@id":"https:\/\/sunsun.fr\/en\/collection-flechette-dans-vallee-de-la-culture\/","url":"https:\/\/sunsun.fr\/en\/collection-flechette-dans-vallee-de-la-culture\/","name":"Collection Fl\u00e9chette dans \"Vall\u00e9e de la culture\" - sun\/sun","isPartOf":{"@id":"https:\/\/dev.webxost.com\/sunsun2\/#website"},"primaryImageOfPage":{"@id":"https:\/\/sunsun.fr\/en\/collection-flechette-dans-vallee-de-la-culture\/#primaryimage"},"image":{"@id":"https:\/\/sunsun.fr\/en\/collection-flechette-dans-vallee-de-la-culture\/#primaryimage"},"thumbnailUrl":"https:\/\/sunsun.fr\/app\/uploads\/2025\/04\/Capture-decran-2023-11-01-a-17.03.08-6.png","datePublished":"2023-01-15T15:01:26+00:00","dateModified":"2025-11-02T15:00:52+00:00","author":{"@id":"https:\/\/dev.webxost.com\/sunsun2\/#\/schema\/person\/6eb1e1219ccc0109cbdfeeda5b31a0e4"},"breadcrumb":{"@id":"https:\/\/sunsun.fr\/en\/collection-flechette-dans-vallee-de-la-culture\/#breadcrumb"},"inLanguage":"en-US","potentialAction":[{"@type":"ReadAction","target":["https:\/\/sunsun.fr\/en\/collection-flechette-dans-vallee-de-la-culture\/"]}]},{"@type":"ImageObject","inLanguage":"en-US","@id":"https:\/\/sunsun.fr\/en\/collection-flechette-dans-vallee-de-la-culture\/#primaryimage","url":"https:\/\/sunsun.fr\/app\/uploads\/2025\/04\/Capture-decran-2023-11-01-a-17.03.08-6.png","contentUrl":"https:\/\/sunsun.fr\/app\/uploads\/2025\/04\/Capture-decran-2023-11-01-a-17.03.08-6.png","width":988,"height":1138},{"@type":"BreadcrumbList","@id":"https:\/\/sunsun.fr\/en\/collection-flechette-dans-vallee-de-la-culture\/#breadcrumb","itemListElement":[{"@type":"ListItem","position":1,"name":"Home","item":"https:\/\/sunsun.fr\/en\/"},{"@type":"ListItem","position":2,"name":"Collection Fl\u00e9chette dans &#8220;Vall\u00e9e de la culture&#8221;"}]},{"@type":"WebSite","@id":"https:\/\/dev.webxost.com\/sunsun2\/#website","url":"https:\/\/dev.webxost.com\/sunsun2\/","name":"sun\/sun","description":"label de cr\u00e9ation \u00e9ditoriale","potentialAction":[{"@type":"SearchAction","target":{"@type":"EntryPoint","urlTemplate":"https:\/\/dev.webxost.com\/sunsun2\/?s={search_term_string}"},"query-input":{"@type":"PropertyValueSpecification","valueRequired":true,"valueName":"search_term_string"}}],"inLanguage":"en-US"},{"@type":"Person","@id":"https:\/\/dev.webxost.com\/sunsun2\/#\/schema\/person\/6eb1e1219ccc0109cbdfeeda5b31a0e4","name":"sunsun","image":{"@type":"ImageObject","inLanguage":"en-US","@id":"https:\/\/dev.webxost.com\/sunsun2\/#\/schema\/person\/image\/","url":"https:\/\/secure.gravatar.com\/avatar\/512584f5a9a444f9116a0bdb14388a6d?s=96&d=mm&r=g","contentUrl":"https:\/\/secure.gravatar.com\/avatar\/512584f5a9a444f9116a0bdb14388a6d?s=96&d=mm&r=g","caption":"sunsun"}}]}},"_links":{"self":[{"href":"https:\/\/sunsun.fr\/en\/wp-json\/wp\/v2\/posts\/3821"}],"collection":[{"href":"https:\/\/sunsun.fr\/en\/wp-json\/wp\/v2\/posts"}],"about":[{"href":"https:\/\/sunsun.fr\/en\/wp-json\/wp\/v2\/types\/post"}],"author":[{"embeddable":true,"href":"https:\/\/sunsun.fr\/en\/wp-json\/wp\/v2\/users\/2"}],"replies":[{"embeddable":true,"href":"https:\/\/sunsun.fr\/en\/wp-json\/wp\/v2\/comments?post=3821"}],"version-history":[{"count":1,"href":"https:\/\/sunsun.fr\/en\/wp-json\/wp\/v2\/posts\/3821\/revisions"}],"predecessor-version":[{"id":3824,"href":"https:\/\/sunsun.fr\/en\/wp-json\/wp\/v2\/posts\/3821\/revisions\/3824"}],"wp:featuredmedia":[{"embeddable":true,"href":"https:\/\/sunsun.fr\/en\/wp-json\/wp\/v2\/media\/3822"}],"wp:attachment":[{"href":"https:\/\/sunsun.fr\/en\/wp-json\/wp\/v2\/media?parent=3821"}],"wp:term":[{"taxonomy":"category","embeddable":true,"href":"https:\/\/sunsun.fr\/en\/wp-json\/wp\/v2\/categories?post=3821"},{"taxonomy":"post_tag","embeddable":true,"href":"https:\/\/sunsun.fr\/en\/wp-json\/wp\/v2\/tags?post=3821"}],"curies":[{"name":"wp","href":"https:\/\/api.w.org\/{rel}","templated":true}]}}