{"id":3863,"date":"2021-11-19T15:51:02","date_gmt":"2021-11-19T14:51:02","guid":{"rendered":"https:\/\/sunsun.fr\/?p=3863"},"modified":"2025-11-02T16:00:53","modified_gmt":"2025-11-02T15:00:53","slug":"the-eclipse-dans-la-presse","status":"publish","type":"post","link":"https:\/\/sunsun.fr\/en\/the-eclipse-dans-la-presse\/","title":{"rendered":"&#8220;The Eclipse&#8221; dans la presse"},"content":{"rendered":"<div dir=\"auto\">\n<p class=\"p1\"><strong>MAGAZINE \u00ab POLKA \u00bb<br \/>\n<\/strong>Printemps 2022 \/ chronique<br \/>\nDix ans de travail argentique sont compil\u00e9s dans ce livre (\u2026) d\u2019une densit\u00e9 envoutante qui nous plonge dans un chaos urbain presque m\u00e9taphysique. Au terme d\u2019une s\u00e9quence d\u2019images optimiste o\u00f9 la lumi\u00e8re perce l\u2019omnipr\u00e9sent voile opaque, le spectre de l\u2019apocalypse flotte pourtant, telle une \u00e9p\u00e9e de Damocl\u00e8s.<\/p>\n<p class=\"p1\"><strong>REVUE \u00ab PERSONA \u00bb<br \/>\n<\/strong>N\u00b018 \/ Hiver 2022 \/ 3 pages \/ entretien avec Fr\u00e9d\u00e9ric Lema\u00eetre<br \/>\nD\u00e9chirement humain et cris dans la nuit : l\u2019univers de St\u00e9phane Charpentier convoque l\u2019homme dans sa tourmente int\u00e9rieure face au chaos d\u2019un monde en perdition. Alors chaque particule de sa photographie argentique tombe sur nos paupi\u00e8res afin de p\u00e9n\u00e9trer notre conscience et nous laisser en \u00e9veil : \u00ab Le livre fait voir l\u2019homme \u00e0 la d\u00e9rive dans ce tumulte et cette noirceur, mais il affirme aussi la beaut\u00e9 de la r\u00e9sistance humaine. \u00bb<\/p>\n<p><strong>Article sur <em>The Eclipse<\/em> paru dans Comp\u00e9tence Photo<\/strong><br \/>\nJanvier 2022<br \/>\n&#8220;Empreintes d\u2019une \u00e9nergie aussi improbable qu\u2019imp\u00e9n\u00e9trable, ses images n\u2019ont de cesse de nous balloter entre des sentiments oppos\u00e9s, de l\u2019\u00e9vasion a\u00e9rienne enchanteresse \u00e0 l\u2019am\u00e8re magn\u00e9tisation de troubles abyssaux. Faut il y entrevoir le cri de l\u2019impuissance ou au contraire l\u2019appel \u00e0 une r\u00e9invention existentielle ?&#8221;<\/p>\n<\/div>\n<div dir=\"auto\"><strong>Chronique du livre <em>The Eclipse<\/em> sur le blog <a class=\"oajrlxb2 g5ia77u1 qu0x051f esr5mh6w e9989ue4 r7d6kgcz rq0escxv nhd2j8a9 nc684nl6 p7hjln8o kvgmc6g5 cxmmr5t8 oygrvhab hcukyx3x jb3vyjys rz4wbd8a qt6c0cv9 a8nywdso i1ao9s8h esuyzwwr f1sip0of lzcic4wl gpro0wi8 q66pz984 b1v8xokw\" tabindex=\"0\" role=\"link\" href=\"https:\/\/www.facebook.com\/5ruedufr-109688317303785\/?__cft__[0]=AZXJJise68K6hNMQwAqwYWaH_Hpvaw6OWqhos7HdLQesa6GoQrnvis9anM7RGVuVAcvahZycca6jPGWTiLGrQ9BJi1iCaYufe1Vo2j7cIevPppJ8jfVU3dmepCszR8v3hnK2TM3ZKGQyiYRdfXdQJJJH&amp;__tn__=kK-R\"><span class=\"nc684nl6\">5ruedu.fr<\/span><\/a> par <a class=\"oajrlxb2 g5ia77u1 qu0x051f esr5mh6w e9989ue4 r7d6kgcz rq0escxv nhd2j8a9 nc684nl6 p7hjln8o kvgmc6g5 cxmmr5t8 oygrvhab hcukyx3x jb3vyjys rz4wbd8a qt6c0cv9 a8nywdso i1ao9s8h esuyzwwr f1sip0of lzcic4wl gpro0wi8 q66pz984 b1v8xokw\" tabindex=\"0\" role=\"link\" href=\"https:\/\/www.facebook.com\/fredmartin17?__cft__[0]=AZXJJise68K6hNMQwAqwYWaH_Hpvaw6OWqhos7HdLQesa6GoQrnvis9anM7RGVuVAcvahZycca6jPGWTiLGrQ9BJi1iCaYufe1Vo2j7cIevPppJ8jfVU3dmepCszR8v3hnK2TM3ZKGQyiYRdfXdQJJJH&amp;__tn__=-]K-R\"><span class=\"nc684nl6\">Fr\u00e9d\u00e9ric Martin<\/span><\/a><\/strong><br \/>\n20 d\u00e9cembre 2021<\/div>\n<div dir=\"auto\">&#8220;Il faut lire The Eclipse. Compl\u00e8tement. Prendre son temps, son souffle, retenir une longue respiration et plonger. Parce que cet ouvrage n&#8217;est pas qu&#8217;un livre de photos. Parce que cet ouvrage nous perdra dans un labyrinthe de questions, avant que de nous amener juste \u00e0 l&#8217;aplomb de l&#8217;astre solaire.&#8221;<\/div>\n<div dir=\"auto\"><\/div>\n<div dir=\"auto\"><strong>Article de <a class=\"oajrlxb2 g5ia77u1 qu0x051f esr5mh6w e9989ue4 r7d6kgcz rq0escxv nhd2j8a9 nc684nl6 p7hjln8o kvgmc6g5 cxmmr5t8 oygrvhab hcukyx3x jb3vyjys rz4wbd8a qt6c0cv9 a8nywdso i1ao9s8h esuyzwwr f1sip0of lzcic4wl gpro0wi8 q66pz984 b1v8xokw\" tabindex=\"0\" role=\"link\" href=\"https:\/\/www.facebook.com\/farre.jeanjacques?__cft__[0]=AZWf61wzCOPIoxU8Zeq26GyStt41uYEXsSwSbHJg6gMddfEDu4NPDApkxyqp8etYywtsoN8yke-nr_6UCaA6dQxPIUEHV_zNtDC9cNZpVhg6x3560m-gGE-JY7PUgFM0QY51ZnepwQnmZCghoubIbd_Q&amp;__tn__=-]K-R\"><span class=\"nc684nl6\">Jean-Jacques Farr\u00e9<\/span><\/a> sur <em>The Eclipse<\/em> dans la revue LIKE \/ <a class=\"oajrlxb2 g5ia77u1 qu0x051f esr5mh6w e9989ue4 r7d6kgcz rq0escxv nhd2j8a9 nc684nl6 p7hjln8o kvgmc6g5 cxmmr5t8 oygrvhab hcukyx3x jb3vyjys rz4wbd8a qt6c0cv9 a8nywdso i1ao9s8h esuyzwwr f1sip0of lzcic4wl gpro0wi8 q66pz984 b1v8xokw\" tabindex=\"0\" role=\"link\" href=\"https:\/\/www.facebook.com\/Touslesjourscurieux?__cft__[0]=AZWf61wzCOPIoxU8Zeq26GyStt41uYEXsSwSbHJg6gMddfEDu4NPDApkxyqp8etYywtsoN8yke-nr_6UCaA6dQxPIUEHV_zNtDC9cNZpVhg6x3560m-gGE-JY7PUgFM0QY51ZnepwQnmZCghoubIbd_Q&amp;__tn__=-]K-R\"><span class=\"nc684nl6\">touslesjourscurieux<\/span><\/a><\/strong><br \/>\n14 d\u00e9cembre 2021<br \/>\n&#8220;Les photos de Ste\u0301phane Charpentier sont savamment calibre\u0301es, proche de l\u2019hypnose visuelle. Elles conjuguent une force onirique et un sens du politique.&#8221;<\/div>\n<div dir=\"auto\"><\/div>\n<p><strong>Article de Caroline B\u00e9nichou \u00e0 propos de <em>The Eclipse<\/em> et de l&#8217;oeuvre de St\u00e9phane Charpentier paru dans <a href=\"https:\/\/www.9lives-magazine.com\/80859\/2021\/11\/24\/the-eclipse-par-stephane-charpentier\/?fbclid=IwAR2e6xAtrFwAwGZX0pQK8AuQ0AregreBUymOaZ652p6sFu3IRr0B7KslXOA&amp;cn-reloaded=1\">9livesmagazine<\/a><\/strong><br \/>\n24 novembre 2021<br \/>\n&#8221; Il y a des livres qu\u2019on attend. Longtemps.<br \/>\nL\u00e0 o\u00f9 d\u2019autres se satisfont et se pr\u00e9cipitent une fois trente photographies rassembl\u00e9es, il est des photographes qui prennent le temps. Celui de s\u00e9lectionner avec exigence, de savoir le pourquoi ce livre, de faire la rencontre avec l\u2019\u00e9diteur qui saura saisir l\u2019intention, l\u2019\u00e9criture, l\u2019homme, avec qui la connivence donnera lieu \u00e0 un projet qui fasse sens. L\u2019exigence n\u2019est pas si fr\u00e9quente.&#8221;<\/p>\n<p><strong>1er article sur <em>The Eclipse<\/em> paru dans <a href=\"https:\/\/lintervalle.blog\/2021\/11\/16\/the-eclipse-une-passe-magnetique-par-stephane-charpentier-photographe\/?fbclid=IwAR1OHAjA_k5xXSxGUCjyGzotowpY9pOrSmsScBteL1WTfbVlFinzNV8MJFs\">L&#8217;Intervalle<\/a> de Fabien Rib\u00e9ry<\/strong><br \/>\n16 novembre 2021<br \/>\n&#8220;St\u00e9phane Charpentier a compos\u00e9 son livre comme on invente une musique d\u2019initiation pour traverser le d\u00e9moniaque. La rue et les c\u0153urs br\u00fblent, l\u2019\u00e9tendard n\u2019est pas celui de la militance mais de la po\u00e9tique absolue, l\u2019Europe est une eau grecque iris\u00e9e un matin de printemps, nous tentons de recr\u00e9er de nouveaux rites sacr\u00e9s sur les d\u00e9combres des civilisations asphyxi\u00e9es. En fin d\u2019ouvrage, la retranscription sur de nombreuses pages d\u2019entretiens enregistr\u00e9s men\u00e9s pendant des ann\u00e9es par le photographe disent la fatigue, la peur du lendemain, la cruaut\u00e9 du capitalisme, la corruption g\u00e9n\u00e9rale, la d\u00e9tresse des exil\u00e9s, l\u2019incompr\u00e9hension, la soumission humiliante, la catastrophe climatique.&#8221;<\/p>\n<p>&nbsp;<\/p>\n","protected":false},"excerpt":{"rendered":"<p>MAGAZINE \u00ab POLKA \u00bb Printemps 2022 \/ chronique Dix ans de travail argentique sont compil\u00e9s dans ce livre (\u2026) d\u2019une densit\u00e9 envoutante qui nous plonge dans un chaos urbain presque m\u00e9taphysique. Au terme d\u2019une s\u00e9quence d\u2019images optimiste o\u00f9 la lumi\u00e8re perce l\u2019omnipr\u00e9sent voile opaque, le spectre de l\u2019apocalypse flotte pourtant, telle une \u00e9p\u00e9e de Damocl\u00e8s. [&hellip;]<\/p>\n","protected":false},"author":2,"featured_media":0,"comment_status":"closed","ping_status":"closed","sticky":false,"template":"","format":"standard","meta":{"_acf_changed":false,"_exactmetrics_skip_tracking":false,"_exactmetrics_sitenote_active":false,"_exactmetrics_sitenote_note":"","_exactmetrics_sitenote_category":0,"footnotes":""},"categories":[113],"tags":[],"class_list":["post-3863","post","type-post","status-publish","format-standard","hentry","category-press-en"],"acf":[],"yoast_head":"<!-- This site is optimized with the Yoast SEO plugin v23.5 - https:\/\/yoast.com\/wordpress\/plugins\/seo\/ -->\n<title>&quot;The Eclipse&quot; dans la presse - sun\/sun<\/title>\n<meta name=\"robots\" content=\"index, follow, max-snippet:-1, max-image-preview:large, max-video-preview:-1\" \/>\n<link rel=\"canonical\" href=\"https:\/\/sunsun.fr\/en\/the-eclipse-dans-la-presse\/\" \/>\n<meta property=\"og:locale\" content=\"en_US\" \/>\n<meta property=\"og:type\" content=\"article\" \/>\n<meta property=\"og:title\" content=\"&quot;The Eclipse&quot; dans la presse - sun\/sun\" \/>\n<meta property=\"og:description\" content=\"MAGAZINE \u00ab POLKA \u00bb Printemps 2022 \/ chronique Dix ans de travail argentique sont compil\u00e9s dans ce livre (\u2026) d\u2019une densit\u00e9 envoutante qui nous plonge dans un chaos urbain presque m\u00e9taphysique. Au terme d\u2019une s\u00e9quence d\u2019images optimiste o\u00f9 la lumi\u00e8re perce l\u2019omnipr\u00e9sent voile opaque, le spectre de l\u2019apocalypse flotte pourtant, telle une \u00e9p\u00e9e de Damocl\u00e8s. [&hellip;]\" \/>\n<meta property=\"og:url\" content=\"https:\/\/sunsun.fr\/en\/the-eclipse-dans-la-presse\/\" \/>\n<meta property=\"og:site_name\" content=\"sun\/sun\" \/>\n<meta property=\"article:publisher\" content=\"https:\/\/www.facebook.com\/icisunsun\" \/>\n<meta property=\"article:published_time\" content=\"2021-11-19T14:51:02+00:00\" \/>\n<meta property=\"article:modified_time\" content=\"2025-11-02T15:00:53+00:00\" \/>\n<meta name=\"author\" content=\"sunsun\" \/>\n<meta name=\"twitter:card\" content=\"summary_large_image\" \/>\n<meta name=\"twitter:label1\" content=\"Written by\" \/>\n\t<meta name=\"twitter:data1\" content=\"sunsun\" \/>\n\t<meta name=\"twitter:label2\" content=\"Est. reading time\" \/>\n\t<meta name=\"twitter:data2\" content=\"3 minutes\" \/>\n<script type=\"application\/ld+json\" class=\"yoast-schema-graph\">{\"@context\":\"https:\/\/schema.org\",\"@graph\":[{\"@type\":\"WebPage\",\"@id\":\"https:\/\/sunsun.fr\/en\/the-eclipse-dans-la-presse\/\",\"url\":\"https:\/\/sunsun.fr\/en\/the-eclipse-dans-la-presse\/\",\"name\":\"\\\"The Eclipse\\\" dans la presse - sun\/sun\",\"isPartOf\":{\"@id\":\"https:\/\/dev.webxost.com\/sunsun2\/#website\"},\"datePublished\":\"2021-11-19T14:51:02+00:00\",\"dateModified\":\"2025-11-02T15:00:53+00:00\",\"author\":{\"@id\":\"https:\/\/dev.webxost.com\/sunsun2\/#\/schema\/person\/6eb1e1219ccc0109cbdfeeda5b31a0e4\"},\"breadcrumb\":{\"@id\":\"https:\/\/sunsun.fr\/en\/the-eclipse-dans-la-presse\/#breadcrumb\"},\"inLanguage\":\"en-US\",\"potentialAction\":[{\"@type\":\"ReadAction\",\"target\":[\"https:\/\/sunsun.fr\/en\/the-eclipse-dans-la-presse\/\"]}]},{\"@type\":\"BreadcrumbList\",\"@id\":\"https:\/\/sunsun.fr\/en\/the-eclipse-dans-la-presse\/#breadcrumb\",\"itemListElement\":[{\"@type\":\"ListItem\",\"position\":1,\"name\":\"Home\",\"item\":\"https:\/\/sunsun.fr\/en\/\"},{\"@type\":\"ListItem\",\"position\":2,\"name\":\"&#8220;The Eclipse&#8221; dans la presse\"}]},{\"@type\":\"WebSite\",\"@id\":\"https:\/\/dev.webxost.com\/sunsun2\/#website\",\"url\":\"https:\/\/dev.webxost.com\/sunsun2\/\",\"name\":\"sun\/sun\",\"description\":\"label de cr\u00e9ation \u00e9ditoriale\",\"potentialAction\":[{\"@type\":\"SearchAction\",\"target\":{\"@type\":\"EntryPoint\",\"urlTemplate\":\"https:\/\/dev.webxost.com\/sunsun2\/?s={search_term_string}\"},\"query-input\":{\"@type\":\"PropertyValueSpecification\",\"valueRequired\":true,\"valueName\":\"search_term_string\"}}],\"inLanguage\":\"en-US\"},{\"@type\":\"Person\",\"@id\":\"https:\/\/dev.webxost.com\/sunsun2\/#\/schema\/person\/6eb1e1219ccc0109cbdfeeda5b31a0e4\",\"name\":\"sunsun\",\"image\":{\"@type\":\"ImageObject\",\"inLanguage\":\"en-US\",\"@id\":\"https:\/\/dev.webxost.com\/sunsun2\/#\/schema\/person\/image\/\",\"url\":\"https:\/\/secure.gravatar.com\/avatar\/512584f5a9a444f9116a0bdb14388a6d?s=96&d=mm&r=g\",\"contentUrl\":\"https:\/\/secure.gravatar.com\/avatar\/512584f5a9a444f9116a0bdb14388a6d?s=96&d=mm&r=g\",\"caption\":\"sunsun\"}}]}<\/script>\n<!-- \/ Yoast SEO plugin. -->","yoast_head_json":{"title":"\"The Eclipse\" dans la presse - sun\/sun","robots":{"index":"index","follow":"follow","max-snippet":"max-snippet:-1","max-image-preview":"max-image-preview:large","max-video-preview":"max-video-preview:-1"},"canonical":"https:\/\/sunsun.fr\/en\/the-eclipse-dans-la-presse\/","og_locale":"en_US","og_type":"article","og_title":"\"The Eclipse\" dans la presse - sun\/sun","og_description":"MAGAZINE \u00ab POLKA \u00bb Printemps 2022 \/ chronique Dix ans de travail argentique sont compil\u00e9s dans ce livre (\u2026) d\u2019une densit\u00e9 envoutante qui nous plonge dans un chaos urbain presque m\u00e9taphysique. Au terme d\u2019une s\u00e9quence d\u2019images optimiste o\u00f9 la lumi\u00e8re perce l\u2019omnipr\u00e9sent voile opaque, le spectre de l\u2019apocalypse flotte pourtant, telle une \u00e9p\u00e9e de Damocl\u00e8s. [&hellip;]","og_url":"https:\/\/sunsun.fr\/en\/the-eclipse-dans-la-presse\/","og_site_name":"sun\/sun","article_publisher":"https:\/\/www.facebook.com\/icisunsun","article_published_time":"2021-11-19T14:51:02+00:00","article_modified_time":"2025-11-02T15:00:53+00:00","author":"sunsun","twitter_card":"summary_large_image","twitter_misc":{"Written by":"sunsun","Est. reading time":"3 minutes"},"schema":{"@context":"https:\/\/schema.org","@graph":[{"@type":"WebPage","@id":"https:\/\/sunsun.fr\/en\/the-eclipse-dans-la-presse\/","url":"https:\/\/sunsun.fr\/en\/the-eclipse-dans-la-presse\/","name":"\"The Eclipse\" dans la presse - sun\/sun","isPartOf":{"@id":"https:\/\/dev.webxost.com\/sunsun2\/#website"},"datePublished":"2021-11-19T14:51:02+00:00","dateModified":"2025-11-02T15:00:53+00:00","author":{"@id":"https:\/\/dev.webxost.com\/sunsun2\/#\/schema\/person\/6eb1e1219ccc0109cbdfeeda5b31a0e4"},"breadcrumb":{"@id":"https:\/\/sunsun.fr\/en\/the-eclipse-dans-la-presse\/#breadcrumb"},"inLanguage":"en-US","potentialAction":[{"@type":"ReadAction","target":["https:\/\/sunsun.fr\/en\/the-eclipse-dans-la-presse\/"]}]},{"@type":"BreadcrumbList","@id":"https:\/\/sunsun.fr\/en\/the-eclipse-dans-la-presse\/#breadcrumb","itemListElement":[{"@type":"ListItem","position":1,"name":"Home","item":"https:\/\/sunsun.fr\/en\/"},{"@type":"ListItem","position":2,"name":"&#8220;The Eclipse&#8221; dans la presse"}]},{"@type":"WebSite","@id":"https:\/\/dev.webxost.com\/sunsun2\/#website","url":"https:\/\/dev.webxost.com\/sunsun2\/","name":"sun\/sun","description":"label de cr\u00e9ation \u00e9ditoriale","potentialAction":[{"@type":"SearchAction","target":{"@type":"EntryPoint","urlTemplate":"https:\/\/dev.webxost.com\/sunsun2\/?s={search_term_string}"},"query-input":{"@type":"PropertyValueSpecification","valueRequired":true,"valueName":"search_term_string"}}],"inLanguage":"en-US"},{"@type":"Person","@id":"https:\/\/dev.webxost.com\/sunsun2\/#\/schema\/person\/6eb1e1219ccc0109cbdfeeda5b31a0e4","name":"sunsun","image":{"@type":"ImageObject","inLanguage":"en-US","@id":"https:\/\/dev.webxost.com\/sunsun2\/#\/schema\/person\/image\/","url":"https:\/\/secure.gravatar.com\/avatar\/512584f5a9a444f9116a0bdb14388a6d?s=96&d=mm&r=g","contentUrl":"https:\/\/secure.gravatar.com\/avatar\/512584f5a9a444f9116a0bdb14388a6d?s=96&d=mm&r=g","caption":"sunsun"}}]}},"_links":{"self":[{"href":"https:\/\/sunsun.fr\/en\/wp-json\/wp\/v2\/posts\/3863"}],"collection":[{"href":"https:\/\/sunsun.fr\/en\/wp-json\/wp\/v2\/posts"}],"about":[{"href":"https:\/\/sunsun.fr\/en\/wp-json\/wp\/v2\/types\/post"}],"author":[{"embeddable":true,"href":"https:\/\/sunsun.fr\/en\/wp-json\/wp\/v2\/users\/2"}],"replies":[{"embeddable":true,"href":"https:\/\/sunsun.fr\/en\/wp-json\/wp\/v2\/comments?post=3863"}],"version-history":[{"count":1,"href":"https:\/\/sunsun.fr\/en\/wp-json\/wp\/v2\/posts\/3863\/revisions"}],"predecessor-version":[{"id":3864,"href":"https:\/\/sunsun.fr\/en\/wp-json\/wp\/v2\/posts\/3863\/revisions\/3864"}],"wp:attachment":[{"href":"https:\/\/sunsun.fr\/en\/wp-json\/wp\/v2\/media?parent=3863"}],"wp:term":[{"taxonomy":"category","embeddable":true,"href":"https:\/\/sunsun.fr\/en\/wp-json\/wp\/v2\/categories?post=3863"},{"taxonomy":"post_tag","embeddable":true,"href":"https:\/\/sunsun.fr\/en\/wp-json\/wp\/v2\/tags?post=3863"}],"curies":[{"name":"wp","href":"https:\/\/api.w.org\/{rel}","templated":true}]}}