{"id":3866,"date":"2021-11-19T15:25:32","date_gmt":"2021-11-19T14:25:32","guid":{"rendered":"https:\/\/sunsun.fr\/?p=3866"},"modified":"2025-11-02T17:32:59","modified_gmt":"2025-11-02T16:32:59","slug":"sun-sun-polycopies-paris-photo-3","status":"publish","type":"post","link":"https:\/\/sunsun.fr\/en\/sun-sun-polycopies-paris-photo-3\/","title":{"rendered":"sun\/sun x POLYCOPIES &#8211; PARIS PHOTO"},"content":{"rendered":"<p>sun\/sun a repris la route des salons et \u00e9tait pr\u00e9sent \u00e0 bord de la p\u00e9niche Polycopies \u00e0 Paris pour pr\u00e9senter ses \u00e9ditions mais surtout la derni\u00e8re publications de la maison <em>The Eclipse<\/em> de St\u00e9phane Charpentier. Le dimanche 14 novembre, St\u00e9phane Charpentier a pr\u00e9sent\u00e9 son livre lors d&#8217;un talk organis\u00e9 par The Eyes et mod\u00e9r\u00e9 par V\u00e9ronique Prugnaud au Grand Palais \u00c9ph\u00e9m\u00e8re.<\/p>\n","protected":false},"excerpt":{"rendered":"<p>sun\/sun a repris la route des salons et \u00e9tait pr\u00e9sent \u00e0 bord de la p\u00e9niche Polycopies \u00e0 Paris pour pr\u00e9senter ses \u00e9ditions mais surtout la derni\u00e8re publications de la maison The Eclipse de St\u00e9phane Charpentier. Le dimanche 14 novembre, St\u00e9phane Charpentier a pr\u00e9sent\u00e9 son livre lors d&#8217;un talk organis\u00e9 par The Eyes et mod\u00e9r\u00e9 par [&hellip;]<\/p>\n","protected":false},"author":2,"featured_media":0,"comment_status":"closed","ping_status":"closed","sticky":false,"template":"","format":"standard","meta":{"_acf_changed":false,"_exactmetrics_skip_tracking":false,"_exactmetrics_sitenote_active":false,"_exactmetrics_sitenote_note":"","_exactmetrics_sitenote_category":0,"footnotes":""},"categories":[222],"tags":[],"class_list":["post-3866","post","type-post","status-publish","format-standard","hentry","category-salon-en"],"acf":[],"yoast_head":"<!-- This site is optimized with the Yoast SEO plugin v23.5 - https:\/\/yoast.com\/wordpress\/plugins\/seo\/ -->\n<title>sun\/sun x POLYCOPIES - PARIS PHOTO - sun\/sun<\/title>\n<meta name=\"robots\" content=\"index, follow, max-snippet:-1, max-image-preview:large, max-video-preview:-1\" \/>\n<link rel=\"canonical\" href=\"https:\/\/sunsun.fr\/en\/sun-sun-polycopies-paris-photo-3\/\" \/>\n<meta property=\"og:locale\" content=\"en_US\" \/>\n<meta property=\"og:type\" content=\"article\" \/>\n<meta property=\"og:title\" content=\"sun\/sun x POLYCOPIES - PARIS PHOTO - sun\/sun\" \/>\n<meta property=\"og:description\" content=\"sun\/sun a repris la route des salons et \u00e9tait pr\u00e9sent \u00e0 bord de la p\u00e9niche Polycopies \u00e0 Paris pour pr\u00e9senter ses \u00e9ditions mais surtout la derni\u00e8re publications de la maison The Eclipse de St\u00e9phane Charpentier. Le dimanche 14 novembre, St\u00e9phane Charpentier a pr\u00e9sent\u00e9 son livre lors d&#8217;un talk organis\u00e9 par The Eyes et mod\u00e9r\u00e9 par [&hellip;]\" \/>\n<meta property=\"og:url\" content=\"https:\/\/sunsun.fr\/en\/sun-sun-polycopies-paris-photo-3\/\" \/>\n<meta property=\"og:site_name\" content=\"sun\/sun\" \/>\n<meta property=\"article:publisher\" content=\"https:\/\/www.facebook.com\/icisunsun\" \/>\n<meta property=\"article:published_time\" content=\"2021-11-19T14:25:32+00:00\" \/>\n<meta property=\"article:modified_time\" content=\"2025-11-02T16:32:59+00:00\" \/>\n<meta name=\"author\" content=\"sunsun\" \/>\n<meta name=\"twitter:card\" content=\"summary_large_image\" \/>\n<meta name=\"twitter:label1\" content=\"Written by\" \/>\n\t<meta name=\"twitter:data1\" content=\"sunsun\" \/>\n\t<meta name=\"twitter:label2\" content=\"Est. reading time\" \/>\n\t<meta name=\"twitter:data2\" content=\"1 minute\" \/>\n<script type=\"application\/ld+json\" class=\"yoast-schema-graph\">{\"@context\":\"https:\/\/schema.org\",\"@graph\":[{\"@type\":\"WebPage\",\"@id\":\"https:\/\/sunsun.fr\/en\/sun-sun-polycopies-paris-photo-3\/\",\"url\":\"https:\/\/sunsun.fr\/en\/sun-sun-polycopies-paris-photo-3\/\",\"name\":\"sun\/sun x POLYCOPIES - PARIS PHOTO - sun\/sun\",\"isPartOf\":{\"@id\":\"https:\/\/dev.webxost.com\/sunsun2\/#website\"},\"datePublished\":\"2021-11-19T14:25:32+00:00\",\"dateModified\":\"2025-11-02T16:32:59+00:00\",\"author\":{\"@id\":\"https:\/\/dev.webxost.com\/sunsun2\/#\/schema\/person\/6eb1e1219ccc0109cbdfeeda5b31a0e4\"},\"breadcrumb\":{\"@id\":\"https:\/\/sunsun.fr\/en\/sun-sun-polycopies-paris-photo-3\/#breadcrumb\"},\"inLanguage\":\"en-US\",\"potentialAction\":[{\"@type\":\"ReadAction\",\"target\":[\"https:\/\/sunsun.fr\/en\/sun-sun-polycopies-paris-photo-3\/\"]}]},{\"@type\":\"BreadcrumbList\",\"@id\":\"https:\/\/sunsun.fr\/en\/sun-sun-polycopies-paris-photo-3\/#breadcrumb\",\"itemListElement\":[{\"@type\":\"ListItem\",\"position\":1,\"name\":\"Home\",\"item\":\"https:\/\/sunsun.fr\/en\/\"},{\"@type\":\"ListItem\",\"position\":2,\"name\":\"sun\/sun x POLYCOPIES &#8211; PARIS PHOTO\"}]},{\"@type\":\"WebSite\",\"@id\":\"https:\/\/dev.webxost.com\/sunsun2\/#website\",\"url\":\"https:\/\/dev.webxost.com\/sunsun2\/\",\"name\":\"sun\/sun\",\"description\":\"label de cr\u00e9ation \u00e9ditoriale\",\"potentialAction\":[{\"@type\":\"SearchAction\",\"target\":{\"@type\":\"EntryPoint\",\"urlTemplate\":\"https:\/\/dev.webxost.com\/sunsun2\/?s={search_term_string}\"},\"query-input\":{\"@type\":\"PropertyValueSpecification\",\"valueRequired\":true,\"valueName\":\"search_term_string\"}}],\"inLanguage\":\"en-US\"},{\"@type\":\"Person\",\"@id\":\"https:\/\/dev.webxost.com\/sunsun2\/#\/schema\/person\/6eb1e1219ccc0109cbdfeeda5b31a0e4\",\"name\":\"sunsun\",\"image\":{\"@type\":\"ImageObject\",\"inLanguage\":\"en-US\",\"@id\":\"https:\/\/dev.webxost.com\/sunsun2\/#\/schema\/person\/image\/\",\"url\":\"https:\/\/secure.gravatar.com\/avatar\/512584f5a9a444f9116a0bdb14388a6d?s=96&d=mm&r=g\",\"contentUrl\":\"https:\/\/secure.gravatar.com\/avatar\/512584f5a9a444f9116a0bdb14388a6d?s=96&d=mm&r=g\",\"caption\":\"sunsun\"}}]}<\/script>\n<!-- \/ Yoast SEO plugin. -->","yoast_head_json":{"title":"sun\/sun x POLYCOPIES - PARIS PHOTO - sun\/sun","robots":{"index":"index","follow":"follow","max-snippet":"max-snippet:-1","max-image-preview":"max-image-preview:large","max-video-preview":"max-video-preview:-1"},"canonical":"https:\/\/sunsun.fr\/en\/sun-sun-polycopies-paris-photo-3\/","og_locale":"en_US","og_type":"article","og_title":"sun\/sun x POLYCOPIES - PARIS PHOTO - sun\/sun","og_description":"sun\/sun a repris la route des salons et \u00e9tait pr\u00e9sent \u00e0 bord de la p\u00e9niche Polycopies \u00e0 Paris pour pr\u00e9senter ses \u00e9ditions mais surtout la derni\u00e8re publications de la maison The Eclipse de St\u00e9phane Charpentier. Le dimanche 14 novembre, St\u00e9phane Charpentier a pr\u00e9sent\u00e9 son livre lors d&#8217;un talk organis\u00e9 par The Eyes et mod\u00e9r\u00e9 par [&hellip;]","og_url":"https:\/\/sunsun.fr\/en\/sun-sun-polycopies-paris-photo-3\/","og_site_name":"sun\/sun","article_publisher":"https:\/\/www.facebook.com\/icisunsun","article_published_time":"2021-11-19T14:25:32+00:00","article_modified_time":"2025-11-02T16:32:59+00:00","author":"sunsun","twitter_card":"summary_large_image","twitter_misc":{"Written by":"sunsun","Est. reading time":"1 minute"},"schema":{"@context":"https:\/\/schema.org","@graph":[{"@type":"WebPage","@id":"https:\/\/sunsun.fr\/en\/sun-sun-polycopies-paris-photo-3\/","url":"https:\/\/sunsun.fr\/en\/sun-sun-polycopies-paris-photo-3\/","name":"sun\/sun x POLYCOPIES - PARIS PHOTO - sun\/sun","isPartOf":{"@id":"https:\/\/dev.webxost.com\/sunsun2\/#website"},"datePublished":"2021-11-19T14:25:32+00:00","dateModified":"2025-11-02T16:32:59+00:00","author":{"@id":"https:\/\/dev.webxost.com\/sunsun2\/#\/schema\/person\/6eb1e1219ccc0109cbdfeeda5b31a0e4"},"breadcrumb":{"@id":"https:\/\/sunsun.fr\/en\/sun-sun-polycopies-paris-photo-3\/#breadcrumb"},"inLanguage":"en-US","potentialAction":[{"@type":"ReadAction","target":["https:\/\/sunsun.fr\/en\/sun-sun-polycopies-paris-photo-3\/"]}]},{"@type":"BreadcrumbList","@id":"https:\/\/sunsun.fr\/en\/sun-sun-polycopies-paris-photo-3\/#breadcrumb","itemListElement":[{"@type":"ListItem","position":1,"name":"Home","item":"https:\/\/sunsun.fr\/en\/"},{"@type":"ListItem","position":2,"name":"sun\/sun x POLYCOPIES &#8211; PARIS PHOTO"}]},{"@type":"WebSite","@id":"https:\/\/dev.webxost.com\/sunsun2\/#website","url":"https:\/\/dev.webxost.com\/sunsun2\/","name":"sun\/sun","description":"label de cr\u00e9ation \u00e9ditoriale","potentialAction":[{"@type":"SearchAction","target":{"@type":"EntryPoint","urlTemplate":"https:\/\/dev.webxost.com\/sunsun2\/?s={search_term_string}"},"query-input":{"@type":"PropertyValueSpecification","valueRequired":true,"valueName":"search_term_string"}}],"inLanguage":"en-US"},{"@type":"Person","@id":"https:\/\/dev.webxost.com\/sunsun2\/#\/schema\/person\/6eb1e1219ccc0109cbdfeeda5b31a0e4","name":"sunsun","image":{"@type":"ImageObject","inLanguage":"en-US","@id":"https:\/\/dev.webxost.com\/sunsun2\/#\/schema\/person\/image\/","url":"https:\/\/secure.gravatar.com\/avatar\/512584f5a9a444f9116a0bdb14388a6d?s=96&d=mm&r=g","contentUrl":"https:\/\/secure.gravatar.com\/avatar\/512584f5a9a444f9116a0bdb14388a6d?s=96&d=mm&r=g","caption":"sunsun"}}]}},"_links":{"self":[{"href":"https:\/\/sunsun.fr\/en\/wp-json\/wp\/v2\/posts\/3866"}],"collection":[{"href":"https:\/\/sunsun.fr\/en\/wp-json\/wp\/v2\/posts"}],"about":[{"href":"https:\/\/sunsun.fr\/en\/wp-json\/wp\/v2\/types\/post"}],"author":[{"embeddable":true,"href":"https:\/\/sunsun.fr\/en\/wp-json\/wp\/v2\/users\/2"}],"replies":[{"embeddable":true,"href":"https:\/\/sunsun.fr\/en\/wp-json\/wp\/v2\/comments?post=3866"}],"version-history":[{"count":1,"href":"https:\/\/sunsun.fr\/en\/wp-json\/wp\/v2\/posts\/3866\/revisions"}],"predecessor-version":[{"id":3867,"href":"https:\/\/sunsun.fr\/en\/wp-json\/wp\/v2\/posts\/3866\/revisions\/3867"}],"wp:attachment":[{"href":"https:\/\/sunsun.fr\/en\/wp-json\/wp\/v2\/media?parent=3866"}],"wp:term":[{"taxonomy":"category","embeddable":true,"href":"https:\/\/sunsun.fr\/en\/wp-json\/wp\/v2\/categories?post=3866"},{"taxonomy":"post_tag","embeddable":true,"href":"https:\/\/sunsun.fr\/en\/wp-json\/wp\/v2\/tags?post=3866"}],"curies":[{"name":"wp","href":"https:\/\/api.w.org\/{rel}","templated":true}]}}