{"id":3869,"date":"2021-10-29T09:08:28","date_gmt":"2021-10-29T07:08:28","guid":{"rendered":"https:\/\/sunsun.fr\/?p=3869"},"modified":"2025-11-02T16:00:53","modified_gmt":"2025-11-02T15:00:53","slug":"devenir-noir-dans-la-presse","status":"publish","type":"post","link":"https:\/\/sunsun.fr\/en\/devenir-noir-dans-la-presse\/","title":{"rendered":"Devenir noir dans la presse"},"content":{"rendered":"<p><strong>Article de Laurent Albarracin sur <em>Devenir noir<\/em> paru le 2 novembre 2021 dans <a href=\"https:\/\/prologue-alca.fr\/fr\/actualites\/devenir-noir\">Alca-Prologue<\/a><\/strong><\/p>\n<p>&#8221; Ce livre (est) un corps, un corps plein et signifiant, et une incarnation terrible.&#8221;<\/p>\n<p>&#8221; Si le livre est sombre, c\u2019est aussi et d\u2019abord parce qu\u2019il est une d\u00e9nonciation implacable.&#8221;<\/p>\n<p>&#8220;Les textes, calibr\u00e9s au cordeau pour pouvoir s\u2019imbriquer exactement, semblent saturer la page, l\u2019emplir peu \u00e0 peu de noir dans une sorte de trop-plein de sens, de recouvrement litt\u00e9ral, comme si les textes sur la page manifestaient visuellement, dans un fondu au noir permanent, leur propre disparition programm\u00e9e.&#8221;<\/p>\n<p><strong><a href=\"https:\/\/francefineart.com\/2021\/11\/01\/122_livres_donatien-garnier\/\">Podcast<\/a> sur le livre <em>Devenir noir<\/em> de Donatien Garnier r\u00e9alis\u00e9 par Anne-Fr\u00e9d\u00e9rique Fer pour FranceFineArt &#8211; 1er novembre 2021<\/strong><\/p>\n<p><strong>Article paru dans Junkpage &#8211; octobre 2021<br \/>\n<\/strong>&#8220;Un livre qui joue sur les dynamiques de saturation et d\u00e9codage&#8221;<\/p>\n","protected":false},"excerpt":{"rendered":"<p>Article de Laurent Albarracin sur Devenir noir paru le 2 novembre 2021 dans Alca-Prologue &#8221; Ce livre (est) un corps, un corps plein et signifiant, et une incarnation terrible.&#8221; &#8221; Si le livre est sombre, c\u2019est aussi et d\u2019abord parce qu\u2019il est une d\u00e9nonciation implacable.&#8221; &#8220;Les textes, calibr\u00e9s au cordeau pour pouvoir s\u2019imbriquer exactement, semblent [&hellip;]<\/p>\n","protected":false},"author":2,"featured_media":0,"comment_status":"closed","ping_status":"closed","sticky":false,"template":"","format":"standard","meta":{"_acf_changed":false,"_exactmetrics_skip_tracking":false,"_exactmetrics_sitenote_active":false,"_exactmetrics_sitenote_note":"","_exactmetrics_sitenote_category":0,"footnotes":""},"categories":[113],"tags":[],"class_list":["post-3869","post","type-post","status-publish","format-standard","hentry","category-press-en"],"acf":[],"yoast_head":"<!-- This site is optimized with the Yoast SEO plugin v23.5 - https:\/\/yoast.com\/wordpress\/plugins\/seo\/ -->\n<title>Devenir noir dans la presse - sun\/sun<\/title>\n<meta name=\"robots\" content=\"index, follow, max-snippet:-1, max-image-preview:large, max-video-preview:-1\" \/>\n<link rel=\"canonical\" href=\"https:\/\/sunsun.fr\/en\/devenir-noir-dans-la-presse\/\" \/>\n<meta property=\"og:locale\" content=\"en_US\" \/>\n<meta property=\"og:type\" content=\"article\" \/>\n<meta property=\"og:title\" content=\"Devenir noir dans la presse - sun\/sun\" \/>\n<meta property=\"og:description\" content=\"Article de Laurent Albarracin sur Devenir noir paru le 2 novembre 2021 dans Alca-Prologue &#8221; Ce livre (est) un corps, un corps plein et signifiant, et une incarnation terrible.&#8221; &#8221; Si le livre est sombre, c\u2019est aussi et d\u2019abord parce qu\u2019il est une d\u00e9nonciation implacable.&#8221; &#8220;Les textes, calibr\u00e9s au cordeau pour pouvoir s\u2019imbriquer exactement, semblent [&hellip;]\" \/>\n<meta property=\"og:url\" content=\"https:\/\/sunsun.fr\/en\/devenir-noir-dans-la-presse\/\" \/>\n<meta property=\"og:site_name\" content=\"sun\/sun\" \/>\n<meta property=\"article:publisher\" content=\"https:\/\/www.facebook.com\/icisunsun\" \/>\n<meta property=\"article:published_time\" content=\"2021-10-29T07:08:28+00:00\" \/>\n<meta property=\"article:modified_time\" content=\"2025-11-02T15:00:53+00:00\" \/>\n<meta name=\"author\" content=\"sunsun\" \/>\n<meta name=\"twitter:card\" content=\"summary_large_image\" \/>\n<meta name=\"twitter:label1\" content=\"Written by\" \/>\n\t<meta name=\"twitter:data1\" content=\"sunsun\" \/>\n\t<meta name=\"twitter:label2\" content=\"Est. reading time\" \/>\n\t<meta name=\"twitter:data2\" content=\"1 minute\" \/>\n<script type=\"application\/ld+json\" class=\"yoast-schema-graph\">{\"@context\":\"https:\/\/schema.org\",\"@graph\":[{\"@type\":\"WebPage\",\"@id\":\"https:\/\/sunsun.fr\/en\/devenir-noir-dans-la-presse\/\",\"url\":\"https:\/\/sunsun.fr\/en\/devenir-noir-dans-la-presse\/\",\"name\":\"Devenir noir dans la presse - sun\/sun\",\"isPartOf\":{\"@id\":\"https:\/\/dev.webxost.com\/sunsun2\/#website\"},\"datePublished\":\"2021-10-29T07:08:28+00:00\",\"dateModified\":\"2025-11-02T15:00:53+00:00\",\"author\":{\"@id\":\"https:\/\/dev.webxost.com\/sunsun2\/#\/schema\/person\/6eb1e1219ccc0109cbdfeeda5b31a0e4\"},\"breadcrumb\":{\"@id\":\"https:\/\/sunsun.fr\/en\/devenir-noir-dans-la-presse\/#breadcrumb\"},\"inLanguage\":\"en-US\",\"potentialAction\":[{\"@type\":\"ReadAction\",\"target\":[\"https:\/\/sunsun.fr\/en\/devenir-noir-dans-la-presse\/\"]}]},{\"@type\":\"BreadcrumbList\",\"@id\":\"https:\/\/sunsun.fr\/en\/devenir-noir-dans-la-presse\/#breadcrumb\",\"itemListElement\":[{\"@type\":\"ListItem\",\"position\":1,\"name\":\"Home\",\"item\":\"https:\/\/sunsun.fr\/en\/\"},{\"@type\":\"ListItem\",\"position\":2,\"name\":\"Devenir noir dans la presse\"}]},{\"@type\":\"WebSite\",\"@id\":\"https:\/\/dev.webxost.com\/sunsun2\/#website\",\"url\":\"https:\/\/dev.webxost.com\/sunsun2\/\",\"name\":\"sun\/sun\",\"description\":\"label de cr\u00e9ation \u00e9ditoriale\",\"potentialAction\":[{\"@type\":\"SearchAction\",\"target\":{\"@type\":\"EntryPoint\",\"urlTemplate\":\"https:\/\/dev.webxost.com\/sunsun2\/?s={search_term_string}\"},\"query-input\":{\"@type\":\"PropertyValueSpecification\",\"valueRequired\":true,\"valueName\":\"search_term_string\"}}],\"inLanguage\":\"en-US\"},{\"@type\":\"Person\",\"@id\":\"https:\/\/dev.webxost.com\/sunsun2\/#\/schema\/person\/6eb1e1219ccc0109cbdfeeda5b31a0e4\",\"name\":\"sunsun\",\"image\":{\"@type\":\"ImageObject\",\"inLanguage\":\"en-US\",\"@id\":\"https:\/\/dev.webxost.com\/sunsun2\/#\/schema\/person\/image\/\",\"url\":\"https:\/\/secure.gravatar.com\/avatar\/512584f5a9a444f9116a0bdb14388a6d?s=96&d=mm&r=g\",\"contentUrl\":\"https:\/\/secure.gravatar.com\/avatar\/512584f5a9a444f9116a0bdb14388a6d?s=96&d=mm&r=g\",\"caption\":\"sunsun\"}}]}<\/script>\n<!-- \/ Yoast SEO plugin. -->","yoast_head_json":{"title":"Devenir noir dans la presse - sun\/sun","robots":{"index":"index","follow":"follow","max-snippet":"max-snippet:-1","max-image-preview":"max-image-preview:large","max-video-preview":"max-video-preview:-1"},"canonical":"https:\/\/sunsun.fr\/en\/devenir-noir-dans-la-presse\/","og_locale":"en_US","og_type":"article","og_title":"Devenir noir dans la presse - sun\/sun","og_description":"Article de Laurent Albarracin sur Devenir noir paru le 2 novembre 2021 dans Alca-Prologue &#8221; Ce livre (est) un corps, un corps plein et signifiant, et une incarnation terrible.&#8221; &#8221; Si le livre est sombre, c\u2019est aussi et d\u2019abord parce qu\u2019il est une d\u00e9nonciation implacable.&#8221; &#8220;Les textes, calibr\u00e9s au cordeau pour pouvoir s\u2019imbriquer exactement, semblent [&hellip;]","og_url":"https:\/\/sunsun.fr\/en\/devenir-noir-dans-la-presse\/","og_site_name":"sun\/sun","article_publisher":"https:\/\/www.facebook.com\/icisunsun","article_published_time":"2021-10-29T07:08:28+00:00","article_modified_time":"2025-11-02T15:00:53+00:00","author":"sunsun","twitter_card":"summary_large_image","twitter_misc":{"Written by":"sunsun","Est. reading time":"1 minute"},"schema":{"@context":"https:\/\/schema.org","@graph":[{"@type":"WebPage","@id":"https:\/\/sunsun.fr\/en\/devenir-noir-dans-la-presse\/","url":"https:\/\/sunsun.fr\/en\/devenir-noir-dans-la-presse\/","name":"Devenir noir dans la presse - sun\/sun","isPartOf":{"@id":"https:\/\/dev.webxost.com\/sunsun2\/#website"},"datePublished":"2021-10-29T07:08:28+00:00","dateModified":"2025-11-02T15:00:53+00:00","author":{"@id":"https:\/\/dev.webxost.com\/sunsun2\/#\/schema\/person\/6eb1e1219ccc0109cbdfeeda5b31a0e4"},"breadcrumb":{"@id":"https:\/\/sunsun.fr\/en\/devenir-noir-dans-la-presse\/#breadcrumb"},"inLanguage":"en-US","potentialAction":[{"@type":"ReadAction","target":["https:\/\/sunsun.fr\/en\/devenir-noir-dans-la-presse\/"]}]},{"@type":"BreadcrumbList","@id":"https:\/\/sunsun.fr\/en\/devenir-noir-dans-la-presse\/#breadcrumb","itemListElement":[{"@type":"ListItem","position":1,"name":"Home","item":"https:\/\/sunsun.fr\/en\/"},{"@type":"ListItem","position":2,"name":"Devenir noir dans la presse"}]},{"@type":"WebSite","@id":"https:\/\/dev.webxost.com\/sunsun2\/#website","url":"https:\/\/dev.webxost.com\/sunsun2\/","name":"sun\/sun","description":"label de cr\u00e9ation \u00e9ditoriale","potentialAction":[{"@type":"SearchAction","target":{"@type":"EntryPoint","urlTemplate":"https:\/\/dev.webxost.com\/sunsun2\/?s={search_term_string}"},"query-input":{"@type":"PropertyValueSpecification","valueRequired":true,"valueName":"search_term_string"}}],"inLanguage":"en-US"},{"@type":"Person","@id":"https:\/\/dev.webxost.com\/sunsun2\/#\/schema\/person\/6eb1e1219ccc0109cbdfeeda5b31a0e4","name":"sunsun","image":{"@type":"ImageObject","inLanguage":"en-US","@id":"https:\/\/dev.webxost.com\/sunsun2\/#\/schema\/person\/image\/","url":"https:\/\/secure.gravatar.com\/avatar\/512584f5a9a444f9116a0bdb14388a6d?s=96&d=mm&r=g","contentUrl":"https:\/\/secure.gravatar.com\/avatar\/512584f5a9a444f9116a0bdb14388a6d?s=96&d=mm&r=g","caption":"sunsun"}}]}},"_links":{"self":[{"href":"https:\/\/sunsun.fr\/en\/wp-json\/wp\/v2\/posts\/3869"}],"collection":[{"href":"https:\/\/sunsun.fr\/en\/wp-json\/wp\/v2\/posts"}],"about":[{"href":"https:\/\/sunsun.fr\/en\/wp-json\/wp\/v2\/types\/post"}],"author":[{"embeddable":true,"href":"https:\/\/sunsun.fr\/en\/wp-json\/wp\/v2\/users\/2"}],"replies":[{"embeddable":true,"href":"https:\/\/sunsun.fr\/en\/wp-json\/wp\/v2\/comments?post=3869"}],"version-history":[{"count":1,"href":"https:\/\/sunsun.fr\/en\/wp-json\/wp\/v2\/posts\/3869\/revisions"}],"predecessor-version":[{"id":3870,"href":"https:\/\/sunsun.fr\/en\/wp-json\/wp\/v2\/posts\/3869\/revisions\/3870"}],"wp:attachment":[{"href":"https:\/\/sunsun.fr\/en\/wp-json\/wp\/v2\/media?parent=3869"}],"wp:term":[{"taxonomy":"category","embeddable":true,"href":"https:\/\/sunsun.fr\/en\/wp-json\/wp\/v2\/categories?post=3869"},{"taxonomy":"post_tag","embeddable":true,"href":"https:\/\/sunsun.fr\/en\/wp-json\/wp\/v2\/tags?post=3869"}],"curies":[{"name":"wp","href":"https:\/\/api.w.org\/{rel}","templated":true}]}}