{"id":3871,"date":"2021-10-05T13:10:24","date_gmt":"2021-10-05T11:10:24","guid":{"rendered":"https:\/\/sunsun.fr\/?p=3871"},"modified":"2025-11-02T15:59:27","modified_gmt":"2025-11-02T14:59:27","slug":"temple-books-2-institut-photographie-de-lille","status":"publish","type":"post","link":"https:\/\/sunsun.fr\/en\/temple-books-2-institut-photographie-de-lille\/","title":{"rendered":"TEMPLE Books #2 > Institut photographie de Lille"},"content":{"rendered":"<p><strong>+ TEMPLE BOOKS #2\u00a0<\/strong><br \/>\nDu 7 au 9 octobre 2021<br \/>\nL\u2019Institut pour la photographie de Lille pr\u00e9sente la seconde \u00e9dition du salon de l\u2019\u00e9dition photographique, sous la direction artistique de <a href=\"http:\/\/templeparis.com\/\">Temple Paris<\/a>. D\u00e9di\u00e9 \u00e0 la sc\u00e8ne \u00e9ditoriale ind\u00e9pendante, ce salon regroupe une quinzaine d\u2019\u00e9diteurs qui portent une attention particuli\u00e8re \u00e0 la jeune cr\u00e9ation.<br \/>\n<a href=\"https:\/\/www.google.com\/url?sa=t&amp;rct=j&amp;q=&amp;esrc=s&amp;source=web&amp;cd=&amp;cad=rja&amp;uact=8&amp;ved=2ahUKEwjBk-rF3qPzAhVGyYUKHRfdD-UQFnoECBQQAQ&amp;url=http%3A%2F%2Fbuildingbooks.fr%2F&amp;usg=AOvVaw0mE8gikobY8xn6iM-BAXIg\">Building books<\/a>,\u00a0<a href=\"https:\/\/www.google.com\/url?sa=t&amp;rct=j&amp;q=&amp;esrc=s&amp;source=web&amp;cd=&amp;cad=rja&amp;uact=8&amp;ved=2ahUKEwj_1NTP3qPzAhWwzYUKHU-0BD8QFnoECBkQAw&amp;url=https%3A%2F%2Fwww.crp.photo%2F&amp;usg=AOvVaw0O54Bz-dfTaGTFSYYxx3IK\">CRP\/<\/a>,\u00a0<a href=\"https:\/\/www.google.com\/url?sa=t&amp;rct=j&amp;q=&amp;esrc=s&amp;source=web&amp;cd=&amp;cad=rja&amp;uact=8&amp;ved=2ahUKEwi3vvfl3qPzAhWNzoUKHRdCDMsQFnoECBgQAw&amp;url=https%3A%2F%2Feditionslightmotiv.com%2F&amp;usg=AOvVaw16icYqWDERlCQ4JG_-bdhf\">\u00c9ditions Light Motiv<\/a>,\u00a0<a href=\"https:\/\/www.google.com\/url?sa=t&amp;rct=j&amp;q=&amp;esrc=s&amp;source=web&amp;cd=&amp;cad=rja&amp;uact=8&amp;ved=2ahUKEwiFyI3t3qPzAhWHzoUKHfj0DbcQFnoECBgQAQ&amp;url=https%3A%2F%2Fwww.editionspaths.com%2F&amp;usg=AOvVaw1mZYIlvFQuW50OnvFAq71R\">\u00c9ditions Paths<\/a>,\u00a0<a href=\"https:\/\/www.google.com\/url?sa=t&amp;rct=j&amp;q=&amp;esrc=s&amp;source=web&amp;cd=&amp;cad=rja&amp;uact=8&amp;ved=2ahUKEwi61cP33qPzAhWtxIUKHXdkB7wQFnoECBcQAw&amp;url=https%3A%2F%2Fwww.editionsfpcf.com%2F&amp;usg=AOvVaw1a88lh7UkLnnu5hwsdZOp0\">FP&amp;CF<\/a>,\u00a0<a href=\"https:\/\/www.google.com\/url?sa=t&amp;rct=j&amp;q=&amp;esrc=s&amp;source=web&amp;cd=&amp;cad=rja&amp;uact=8&amp;ved=2ahUKEwjYxsX93qPzAhUIJBoKHV23B2gQFnoECAIQAQ&amp;url=https%3A%2F%2Fhalogenure.com%2F&amp;usg=AOvVaw3i_8v89hWdJyMFs5Cck23f\">Halog\u00e9nure<\/a>,\u00a0<a href=\"https:\/\/camillecarbonaro.com\/\">Macaronibook<\/a>,\u00a0<a href=\"https:\/\/www.google.com\/url?sa=t&amp;rct=j&amp;q=&amp;esrc=s&amp;source=web&amp;cd=&amp;cad=rja&amp;uact=8&amp;ved=2ahUKEwionOSY36PzAhWkyoUKHWAODgsQFnoECBQQAw&amp;url=https%3A%2F%2Fwww.poursuite-editions.org%2F&amp;usg=AOvVaw210di6QdtfMR9sdAoJRDFc\">Poursuite \u00e9dition<\/a>,\u00a0<a href=\"https:\/\/www.google.com\/url?sa=t&amp;rct=j&amp;q=&amp;esrc=s&amp;source=web&amp;cd=&amp;cad=rja&amp;uact=8&amp;ved=2ahUKEwiJsvGs36PzAhVByoUKHZ0rCt8QFnoECBgQAQ&amp;url=https%3A%2F%2Fwww.revueprofane.com%2F&amp;usg=AOvVaw1hqbRPdkoy1A7VS26lG6zQ\">Profane<\/a>,\u00a0<a href=\"https:\/\/www.google.com\/url?sa=t&amp;rct=j&amp;q=&amp;esrc=s&amp;source=web&amp;cd=&amp;cad=rja&amp;uact=8&amp;ved=2ahUKEwjU6ozAhbPzAhUOzhoKHWFyAfgQFnoECAMQAQ&amp;url=http%3A%2F%2Fwww.josephcharroy.be%2Fedition%2F&amp;usg=AOvVaw1pBKDwPhtr0wwVVvnVBFo3\">Primitive \u00c9ditions<\/a>,\u00a0<a href=\"https:\/\/lerayonverteditions.cargo.site\/\">Rayon Vert<\/a>,\u00a0<a href=\"https:\/\/www.google.com\/url?sa=t&amp;rct=j&amp;q=&amp;esrc=s&amp;source=web&amp;cd=&amp;cad=rja&amp;uact=8&amp;ved=2ahUKEwiuzcPK36PzAhVGyxoKHenzDdEQFnoECA0QAQ&amp;url=https%3A%2F%2Fseptemberbooks.org%2Ffr&amp;usg=AOvVaw2DHu4hxkUDovWohPhIQeDd\">September Books<\/a>,\u00a0<a href=\"https:\/\/www.google.com\/url?sa=t&amp;rct=j&amp;q=&amp;esrc=s&amp;source=web&amp;cd=&amp;cad=rja&amp;uact=8&amp;ved=2ahUKEwj104_T36PzAhVqyoUKHYJ8AWsQFnoECBIQAw&amp;url=https%3A%2F%2Fdev.webxost.com%2Fsunsun2%2F&amp;usg=AOvVaw3MlwkKccKrkqDQG6f6AcFd\">Sun Sun<\/a><\/p>\n<p>Le samedi 9 octobre \u00e0 20h (gratuit), concert photo\/projection des amis <a class=\"oajrlxb2 g5ia77u1 qu0x051f esr5mh6w e9989ue4 r7d6kgcz rq0escxv nhd2j8a9 nc684nl6 p7hjln8o kvgmc6g5 cxmmr5t8 oygrvhab hcukyx3x jb3vyjys rz4wbd8a qt6c0cv9 a8nywdso i1ao9s8h esuyzwwr f1sip0of lzcic4wl q66pz984 gpro0wi8 b1v8xokw\" tabindex=\"0\" role=\"link\" href=\"https:\/\/www.facebook.com\/fredericdoberland?__cft__[0]=AZXdvvy04zC3dYQ6n49dy77IRrCxqiS3RDK83YZQ66u20D5NIWCjdH_k5AfuQCfj62Z9lJsnZ9RQNyAdfDATzLwtteaNkMjzm5tB6BL6qDmwG4o50L41DKtSaYji2Dl7NwILJn1U2G2y3sWdoifVnK4XT1I26Fa-kpJhTsFmWYM42A&amp;__tn__=-]K-R\"><span class=\"nc684nl6\">Fr\u00e9d\u00e9ric D. Oberland<\/span><\/a> &amp; <a class=\"oajrlxb2 g5ia77u1 qu0x051f esr5mh6w e9989ue4 r7d6kgcz rq0escxv nhd2j8a9 nc684nl6 p7hjln8o kvgmc6g5 cxmmr5t8 oygrvhab hcukyx3x jb3vyjys rz4wbd8a qt6c0cv9 a8nywdso i1ao9s8h esuyzwwr f1sip0of lzcic4wl q66pz984 gpro0wi8 b1v8xokw\" tabindex=\"0\" role=\"link\" href=\"https:\/\/www.facebook.com\/gregory.dargent?__cft__[0]=AZXdvvy04zC3dYQ6n49dy77IRrCxqiS3RDK83YZQ66u20D5NIWCjdH_k5AfuQCfj62Z9lJsnZ9RQNyAdfDATzLwtteaNkMjzm5tB6BL6qDmwG4o50L41DKtSaYji2Dl7NwILJn1U2G2y3sWdoifVnK4XT1I26Fa-kpJhTsFmWYM42A&amp;__tn__=-]K-R\"><span class=\"nc684nl6\">Gregory Dargent<\/span><\/a> avec leur duo INLAND, errance hallucin\u00e9e autour de la M\u00e9diterran\u00e9e. Venez, on sera bien !<\/p>\n","protected":false},"excerpt":{"rendered":"<p>+ TEMPLE BOOKS #2\u00a0 Du 7 au 9 octobre 2021 L\u2019Institut pour la photographie de Lille pr\u00e9sente la seconde \u00e9dition du salon de l\u2019\u00e9dition photographique, sous la direction artistique de Temple Paris. D\u00e9di\u00e9 \u00e0 la sc\u00e8ne \u00e9ditoriale ind\u00e9pendante, ce salon regroupe une quinzaine d\u2019\u00e9diteurs qui portent une attention particuli\u00e8re \u00e0 la jeune cr\u00e9ation. Building books,\u00a0CRP\/,\u00a0\u00c9ditions [&hellip;]<\/p>\n","protected":false},"author":2,"featured_media":0,"comment_status":"closed","ping_status":"closed","sticky":false,"template":"","format":"standard","meta":{"_acf_changed":false,"_exactmetrics_skip_tracking":false,"_exactmetrics_sitenote_active":false,"_exactmetrics_sitenote_note":"","_exactmetrics_sitenote_category":0,"footnotes":""},"categories":[222],"tags":[],"class_list":["post-3871","post","type-post","status-publish","format-standard","hentry","category-salon-en"],"acf":[],"yoast_head":"<!-- This site is optimized with the Yoast SEO plugin v23.5 - https:\/\/yoast.com\/wordpress\/plugins\/seo\/ -->\n<title>TEMPLE Books #2 &gt; Institut photographie de Lille - sun\/sun<\/title>\n<meta name=\"robots\" content=\"index, follow, max-snippet:-1, max-image-preview:large, max-video-preview:-1\" \/>\n<link rel=\"canonical\" href=\"https:\/\/sunsun.fr\/en\/temple-books-2-institut-photographie-de-lille\/\" \/>\n<meta property=\"og:locale\" content=\"en_US\" \/>\n<meta property=\"og:type\" content=\"article\" \/>\n<meta property=\"og:title\" content=\"TEMPLE Books #2 &gt; Institut photographie de Lille - sun\/sun\" \/>\n<meta property=\"og:description\" content=\"+ TEMPLE BOOKS #2\u00a0 Du 7 au 9 octobre 2021 L\u2019Institut pour la photographie de Lille pr\u00e9sente la seconde \u00e9dition du salon de l\u2019\u00e9dition photographique, sous la direction artistique de Temple Paris. D\u00e9di\u00e9 \u00e0 la sc\u00e8ne \u00e9ditoriale ind\u00e9pendante, ce salon regroupe une quinzaine d\u2019\u00e9diteurs qui portent une attention particuli\u00e8re \u00e0 la jeune cr\u00e9ation. Building books,\u00a0CRP\/,\u00a0\u00c9ditions [&hellip;]\" \/>\n<meta property=\"og:url\" content=\"https:\/\/sunsun.fr\/en\/temple-books-2-institut-photographie-de-lille\/\" \/>\n<meta property=\"og:site_name\" content=\"sun\/sun\" \/>\n<meta property=\"article:publisher\" content=\"https:\/\/www.facebook.com\/icisunsun\" \/>\n<meta property=\"article:published_time\" content=\"2021-10-05T11:10:24+00:00\" \/>\n<meta property=\"article:modified_time\" content=\"2025-11-02T14:59:27+00:00\" \/>\n<meta name=\"author\" content=\"sunsun\" \/>\n<meta name=\"twitter:card\" content=\"summary_large_image\" \/>\n<meta name=\"twitter:label1\" content=\"Written by\" \/>\n\t<meta name=\"twitter:data1\" content=\"sunsun\" \/>\n\t<meta name=\"twitter:label2\" content=\"Est. reading time\" \/>\n\t<meta name=\"twitter:data2\" content=\"1 minute\" \/>\n<script type=\"application\/ld+json\" class=\"yoast-schema-graph\">{\"@context\":\"https:\/\/schema.org\",\"@graph\":[{\"@type\":\"WebPage\",\"@id\":\"https:\/\/sunsun.fr\/en\/temple-books-2-institut-photographie-de-lille\/\",\"url\":\"https:\/\/sunsun.fr\/en\/temple-books-2-institut-photographie-de-lille\/\",\"name\":\"TEMPLE Books #2 > Institut photographie de Lille - sun\/sun\",\"isPartOf\":{\"@id\":\"https:\/\/dev.webxost.com\/sunsun2\/#website\"},\"datePublished\":\"2021-10-05T11:10:24+00:00\",\"dateModified\":\"2025-11-02T14:59:27+00:00\",\"author\":{\"@id\":\"https:\/\/dev.webxost.com\/sunsun2\/#\/schema\/person\/6eb1e1219ccc0109cbdfeeda5b31a0e4\"},\"breadcrumb\":{\"@id\":\"https:\/\/sunsun.fr\/en\/temple-books-2-institut-photographie-de-lille\/#breadcrumb\"},\"inLanguage\":\"en-US\",\"potentialAction\":[{\"@type\":\"ReadAction\",\"target\":[\"https:\/\/sunsun.fr\/en\/temple-books-2-institut-photographie-de-lille\/\"]}]},{\"@type\":\"BreadcrumbList\",\"@id\":\"https:\/\/sunsun.fr\/en\/temple-books-2-institut-photographie-de-lille\/#breadcrumb\",\"itemListElement\":[{\"@type\":\"ListItem\",\"position\":1,\"name\":\"Home\",\"item\":\"https:\/\/sunsun.fr\/en\/\"},{\"@type\":\"ListItem\",\"position\":2,\"name\":\"TEMPLE Books #2 > Institut photographie de Lille\"}]},{\"@type\":\"WebSite\",\"@id\":\"https:\/\/dev.webxost.com\/sunsun2\/#website\",\"url\":\"https:\/\/dev.webxost.com\/sunsun2\/\",\"name\":\"sun\/sun\",\"description\":\"label de cr\u00e9ation \u00e9ditoriale\",\"potentialAction\":[{\"@type\":\"SearchAction\",\"target\":{\"@type\":\"EntryPoint\",\"urlTemplate\":\"https:\/\/dev.webxost.com\/sunsun2\/?s={search_term_string}\"},\"query-input\":{\"@type\":\"PropertyValueSpecification\",\"valueRequired\":true,\"valueName\":\"search_term_string\"}}],\"inLanguage\":\"en-US\"},{\"@type\":\"Person\",\"@id\":\"https:\/\/dev.webxost.com\/sunsun2\/#\/schema\/person\/6eb1e1219ccc0109cbdfeeda5b31a0e4\",\"name\":\"sunsun\",\"image\":{\"@type\":\"ImageObject\",\"inLanguage\":\"en-US\",\"@id\":\"https:\/\/dev.webxost.com\/sunsun2\/#\/schema\/person\/image\/\",\"url\":\"https:\/\/secure.gravatar.com\/avatar\/512584f5a9a444f9116a0bdb14388a6d?s=96&d=mm&r=g\",\"contentUrl\":\"https:\/\/secure.gravatar.com\/avatar\/512584f5a9a444f9116a0bdb14388a6d?s=96&d=mm&r=g\",\"caption\":\"sunsun\"}}]}<\/script>\n<!-- \/ Yoast SEO plugin. -->","yoast_head_json":{"title":"TEMPLE Books #2 > Institut photographie de Lille - sun\/sun","robots":{"index":"index","follow":"follow","max-snippet":"max-snippet:-1","max-image-preview":"max-image-preview:large","max-video-preview":"max-video-preview:-1"},"canonical":"https:\/\/sunsun.fr\/en\/temple-books-2-institut-photographie-de-lille\/","og_locale":"en_US","og_type":"article","og_title":"TEMPLE Books #2 > Institut photographie de Lille - sun\/sun","og_description":"+ TEMPLE BOOKS #2\u00a0 Du 7 au 9 octobre 2021 L\u2019Institut pour la photographie de Lille pr\u00e9sente la seconde \u00e9dition du salon de l\u2019\u00e9dition photographique, sous la direction artistique de Temple Paris. D\u00e9di\u00e9 \u00e0 la sc\u00e8ne \u00e9ditoriale ind\u00e9pendante, ce salon regroupe une quinzaine d\u2019\u00e9diteurs qui portent une attention particuli\u00e8re \u00e0 la jeune cr\u00e9ation. Building books,\u00a0CRP\/,\u00a0\u00c9ditions [&hellip;]","og_url":"https:\/\/sunsun.fr\/en\/temple-books-2-institut-photographie-de-lille\/","og_site_name":"sun\/sun","article_publisher":"https:\/\/www.facebook.com\/icisunsun","article_published_time":"2021-10-05T11:10:24+00:00","article_modified_time":"2025-11-02T14:59:27+00:00","author":"sunsun","twitter_card":"summary_large_image","twitter_misc":{"Written by":"sunsun","Est. reading time":"1 minute"},"schema":{"@context":"https:\/\/schema.org","@graph":[{"@type":"WebPage","@id":"https:\/\/sunsun.fr\/en\/temple-books-2-institut-photographie-de-lille\/","url":"https:\/\/sunsun.fr\/en\/temple-books-2-institut-photographie-de-lille\/","name":"TEMPLE Books #2 > Institut photographie de Lille - sun\/sun","isPartOf":{"@id":"https:\/\/dev.webxost.com\/sunsun2\/#website"},"datePublished":"2021-10-05T11:10:24+00:00","dateModified":"2025-11-02T14:59:27+00:00","author":{"@id":"https:\/\/dev.webxost.com\/sunsun2\/#\/schema\/person\/6eb1e1219ccc0109cbdfeeda5b31a0e4"},"breadcrumb":{"@id":"https:\/\/sunsun.fr\/en\/temple-books-2-institut-photographie-de-lille\/#breadcrumb"},"inLanguage":"en-US","potentialAction":[{"@type":"ReadAction","target":["https:\/\/sunsun.fr\/en\/temple-books-2-institut-photographie-de-lille\/"]}]},{"@type":"BreadcrumbList","@id":"https:\/\/sunsun.fr\/en\/temple-books-2-institut-photographie-de-lille\/#breadcrumb","itemListElement":[{"@type":"ListItem","position":1,"name":"Home","item":"https:\/\/sunsun.fr\/en\/"},{"@type":"ListItem","position":2,"name":"TEMPLE Books #2 > Institut photographie de Lille"}]},{"@type":"WebSite","@id":"https:\/\/dev.webxost.com\/sunsun2\/#website","url":"https:\/\/dev.webxost.com\/sunsun2\/","name":"sun\/sun","description":"label de cr\u00e9ation \u00e9ditoriale","potentialAction":[{"@type":"SearchAction","target":{"@type":"EntryPoint","urlTemplate":"https:\/\/dev.webxost.com\/sunsun2\/?s={search_term_string}"},"query-input":{"@type":"PropertyValueSpecification","valueRequired":true,"valueName":"search_term_string"}}],"inLanguage":"en-US"},{"@type":"Person","@id":"https:\/\/dev.webxost.com\/sunsun2\/#\/schema\/person\/6eb1e1219ccc0109cbdfeeda5b31a0e4","name":"sunsun","image":{"@type":"ImageObject","inLanguage":"en-US","@id":"https:\/\/dev.webxost.com\/sunsun2\/#\/schema\/person\/image\/","url":"https:\/\/secure.gravatar.com\/avatar\/512584f5a9a444f9116a0bdb14388a6d?s=96&d=mm&r=g","contentUrl":"https:\/\/secure.gravatar.com\/avatar\/512584f5a9a444f9116a0bdb14388a6d?s=96&d=mm&r=g","caption":"sunsun"}}]}},"_links":{"self":[{"href":"https:\/\/sunsun.fr\/en\/wp-json\/wp\/v2\/posts\/3871"}],"collection":[{"href":"https:\/\/sunsun.fr\/en\/wp-json\/wp\/v2\/posts"}],"about":[{"href":"https:\/\/sunsun.fr\/en\/wp-json\/wp\/v2\/types\/post"}],"author":[{"embeddable":true,"href":"https:\/\/sunsun.fr\/en\/wp-json\/wp\/v2\/users\/2"}],"replies":[{"embeddable":true,"href":"https:\/\/sunsun.fr\/en\/wp-json\/wp\/v2\/comments?post=3871"}],"version-history":[{"count":1,"href":"https:\/\/sunsun.fr\/en\/wp-json\/wp\/v2\/posts\/3871\/revisions"}],"predecessor-version":[{"id":3872,"href":"https:\/\/sunsun.fr\/en\/wp-json\/wp\/v2\/posts\/3871\/revisions\/3872"}],"wp:attachment":[{"href":"https:\/\/sunsun.fr\/en\/wp-json\/wp\/v2\/media?parent=3871"}],"wp:term":[{"taxonomy":"category","embeddable":true,"href":"https:\/\/sunsun.fr\/en\/wp-json\/wp\/v2\/categories?post=3871"},{"taxonomy":"post_tag","embeddable":true,"href":"https:\/\/sunsun.fr\/en\/wp-json\/wp\/v2\/tags?post=3871"}],"curies":[{"name":"wp","href":"https:\/\/api.w.org\/{rel}","templated":true}]}}