{"id":3877,"date":"2020-11-11T10:51:00","date_gmt":"2020-11-11T09:51:00","guid":{"rendered":"https:\/\/sunsun.fr\/?p=3877"},"modified":"2025-11-02T23:32:57","modified_gmt":"2025-11-02T22:32:57","slug":"sun-sun-france-photobook","status":"publish","type":"post","link":"https:\/\/sunsun.fr\/en\/sun-sun-france-photobook\/","title":{"rendered":"sun\/sun x France PhotoBook"},"content":{"rendered":"<div class=\"kvgmc6g5 cxmmr5t8 oygrvhab hcukyx3x c1et5uql ii04i59q\">\n<div dir=\"auto\">sun\/sun rejoint le tout jeune collectif France PhotoBook d\u00e9di\u00e9 \u00e0 la d\u00e9fense et \u00e0 la promotion de l&#8217;\u00e9dition photo ind\u00e9pendante, compos\u00e9 \u00e0 ce jour de 17 \u00e9diteurs.<\/div>\n<\/div>\n<div class=\"o9v6fnle cxmmr5t8 oygrvhab hcukyx3x c1et5uql ii04i59q\">\n<div dir=\"auto\">\n<div><\/div>\n<div class=\"nc684nl6\">France PhotoBook &gt; <a class=\"oajrlxb2 g5ia77u1 qu0x051f esr5mh6w e9989ue4 r7d6kgcz rq0escxv nhd2j8a9 nc684nl6 p7hjln8o kvgmc6g5 cxmmr5t8 oygrvhab hcukyx3x jb3vyjys rz4wbd8a qt6c0cv9 a8nywdso i1ao9s8h esuyzwwr f1sip0of lzcic4wl py34i1dx gpro0wi8\" tabindex=\"0\" role=\"link\" href=\"https:\/\/l.facebook.com\/l.php?u=https%3A%2F%2Ffrancephotobook.fr%2F%3Ffbclid%3DIwAR0wwJ6W5jCp5AiUIfuVXv87jWl9Y9M1FFTGxdF1Owft753HFt6DQ5fIxFg&amp;h=AT2NOPoooBKy0pFiFRWJ6dEBIEMpQVVMG2aWGIZXzRoYmX9RMXV8XibxOjKBSiaeyeSxijB9VChbMqKVbQf_ZUMBrY9BZfS7id5eFGd4GDG1MBeSg_TdYus7_fwDmqrJPqSCe1kljA&amp;__tn__=-UK-R&amp;c[0]=AT218uOxQPnYFVrP498Lav9xrzMlJ5qZ-Qo-lZWH4PCnz_5iys8Ok-Q4eEQHFwp8JrDmx80yvJftpuuk3brllZZX4AL2xQoBeX_xYWS5ats3BtTw0E2PPISpEpIrrC2_5rIeUlaswU69CeytVnrC5xI-4gYYyM6IlTKiXB_3OIsWKaWgd75nj15hpkWI\" target=\"_blank\" rel=\"nofollow noopener noreferrer\">https:\/\/francephotobook.fr<\/a><\/div>\n<\/div>\n<\/div>\n<div class=\"o9v6fnle cxmmr5t8 oygrvhab hcukyx3x c1et5uql ii04i59q\">\n<div dir=\"auto\">\n<div class=\"nc684nl6\">Andr\u00e9 Fr\u00e8re \/ Arnaud Bizalion Editeur \/ Les \u00c9ditions de Juillet \/ Atelier EXB \/ Editions Filigranes \/ Fisheye Magazine \/ \u00c9ditions h&#8217;Artpon \/ Editions lamaindonne \/ Le Bec en l&#8217;air \/ Editions Light Motiv \/ \u00c9ditions Loco \/ Maison CF \/ RVB Books \/ sun\/sun \/ Editions Textuel \/ The Eyes \/ Actes Sud<\/div>\n<\/div>\n<\/div>\n<div><\/div>\n<div><\/div>\n","protected":false},"excerpt":{"rendered":"<p>sun\/sun rejoint le tout jeune collectif France PhotoBook d\u00e9di\u00e9 \u00e0 la d\u00e9fense et \u00e0 la promotion de l&#8217;\u00e9dition photo ind\u00e9pendante, compos\u00e9 \u00e0 ce jour de 17 \u00e9diteurs. France PhotoBook &gt; https:\/\/francephotobook.fr Andr\u00e9 Fr\u00e8re \/ Arnaud Bizalion Editeur \/ Les \u00c9ditions de Juillet \/ Atelier EXB \/ Editions Filigranes \/ Fisheye Magazine \/ \u00c9ditions h&#8217;Artpon \/ [&hellip;]<\/p>\n","protected":false},"author":2,"featured_media":0,"comment_status":"closed","ping_status":"closed","sticky":false,"template":"","format":"standard","meta":{"_acf_changed":false,"_exactmetrics_skip_tracking":false,"_exactmetrics_sitenote_active":false,"_exactmetrics_sitenote_note":"","_exactmetrics_sitenote_category":0,"footnotes":""},"categories":[113],"tags":[],"class_list":["post-3877","post","type-post","status-publish","format-standard","hentry","category-press-en"],"acf":[],"yoast_head":"<!-- This site is optimized with the Yoast SEO plugin v23.5 - https:\/\/yoast.com\/wordpress\/plugins\/seo\/ -->\n<title>sun\/sun x France PhotoBook - sun\/sun<\/title>\n<meta name=\"robots\" content=\"index, follow, max-snippet:-1, max-image-preview:large, max-video-preview:-1\" \/>\n<link rel=\"canonical\" href=\"https:\/\/sunsun.fr\/en\/sun-sun-france-photobook\/\" \/>\n<meta property=\"og:locale\" content=\"en_US\" \/>\n<meta property=\"og:type\" content=\"article\" \/>\n<meta property=\"og:title\" content=\"sun\/sun x France PhotoBook - sun\/sun\" \/>\n<meta property=\"og:description\" content=\"sun\/sun rejoint le tout jeune collectif France PhotoBook d\u00e9di\u00e9 \u00e0 la d\u00e9fense et \u00e0 la promotion de l&#8217;\u00e9dition photo ind\u00e9pendante, compos\u00e9 \u00e0 ce jour de 17 \u00e9diteurs. France PhotoBook &gt; https:\/\/francephotobook.fr Andr\u00e9 Fr\u00e8re \/ Arnaud Bizalion Editeur \/ Les \u00c9ditions de Juillet \/ Atelier EXB \/ Editions Filigranes \/ Fisheye Magazine \/ \u00c9ditions h&#8217;Artpon \/ [&hellip;]\" \/>\n<meta property=\"og:url\" content=\"https:\/\/sunsun.fr\/en\/sun-sun-france-photobook\/\" \/>\n<meta property=\"og:site_name\" content=\"sun\/sun\" \/>\n<meta property=\"article:publisher\" content=\"https:\/\/www.facebook.com\/icisunsun\" \/>\n<meta property=\"article:published_time\" content=\"2020-11-11T09:51:00+00:00\" \/>\n<meta property=\"article:modified_time\" content=\"2025-11-02T22:32:57+00:00\" \/>\n<meta name=\"author\" content=\"sunsun\" \/>\n<meta name=\"twitter:card\" content=\"summary_large_image\" \/>\n<meta name=\"twitter:label1\" content=\"Written by\" \/>\n\t<meta name=\"twitter:data1\" content=\"sunsun\" \/>\n\t<meta name=\"twitter:label2\" content=\"Est. reading time\" \/>\n\t<meta name=\"twitter:data2\" content=\"1 minute\" \/>\n<script type=\"application\/ld+json\" class=\"yoast-schema-graph\">{\"@context\":\"https:\/\/schema.org\",\"@graph\":[{\"@type\":\"WebPage\",\"@id\":\"https:\/\/sunsun.fr\/en\/sun-sun-france-photobook\/\",\"url\":\"https:\/\/sunsun.fr\/en\/sun-sun-france-photobook\/\",\"name\":\"sun\/sun x France PhotoBook - sun\/sun\",\"isPartOf\":{\"@id\":\"https:\/\/dev.webxost.com\/sunsun2\/#website\"},\"datePublished\":\"2020-11-11T09:51:00+00:00\",\"dateModified\":\"2025-11-02T22:32:57+00:00\",\"author\":{\"@id\":\"https:\/\/dev.webxost.com\/sunsun2\/#\/schema\/person\/6eb1e1219ccc0109cbdfeeda5b31a0e4\"},\"breadcrumb\":{\"@id\":\"https:\/\/sunsun.fr\/en\/sun-sun-france-photobook\/#breadcrumb\"},\"inLanguage\":\"en-US\",\"potentialAction\":[{\"@type\":\"ReadAction\",\"target\":[\"https:\/\/sunsun.fr\/en\/sun-sun-france-photobook\/\"]}]},{\"@type\":\"BreadcrumbList\",\"@id\":\"https:\/\/sunsun.fr\/en\/sun-sun-france-photobook\/#breadcrumb\",\"itemListElement\":[{\"@type\":\"ListItem\",\"position\":1,\"name\":\"Home\",\"item\":\"https:\/\/sunsun.fr\/en\/\"},{\"@type\":\"ListItem\",\"position\":2,\"name\":\"sun\/sun x France PhotoBook\"}]},{\"@type\":\"WebSite\",\"@id\":\"https:\/\/dev.webxost.com\/sunsun2\/#website\",\"url\":\"https:\/\/dev.webxost.com\/sunsun2\/\",\"name\":\"sun\/sun\",\"description\":\"label de cr\u00e9ation \u00e9ditoriale\",\"potentialAction\":[{\"@type\":\"SearchAction\",\"target\":{\"@type\":\"EntryPoint\",\"urlTemplate\":\"https:\/\/dev.webxost.com\/sunsun2\/?s={search_term_string}\"},\"query-input\":{\"@type\":\"PropertyValueSpecification\",\"valueRequired\":true,\"valueName\":\"search_term_string\"}}],\"inLanguage\":\"en-US\"},{\"@type\":\"Person\",\"@id\":\"https:\/\/dev.webxost.com\/sunsun2\/#\/schema\/person\/6eb1e1219ccc0109cbdfeeda5b31a0e4\",\"name\":\"sunsun\",\"image\":{\"@type\":\"ImageObject\",\"inLanguage\":\"en-US\",\"@id\":\"https:\/\/dev.webxost.com\/sunsun2\/#\/schema\/person\/image\/\",\"url\":\"https:\/\/secure.gravatar.com\/avatar\/512584f5a9a444f9116a0bdb14388a6d?s=96&d=mm&r=g\",\"contentUrl\":\"https:\/\/secure.gravatar.com\/avatar\/512584f5a9a444f9116a0bdb14388a6d?s=96&d=mm&r=g\",\"caption\":\"sunsun\"}}]}<\/script>\n<!-- \/ Yoast SEO plugin. -->","yoast_head_json":{"title":"sun\/sun x France PhotoBook - sun\/sun","robots":{"index":"index","follow":"follow","max-snippet":"max-snippet:-1","max-image-preview":"max-image-preview:large","max-video-preview":"max-video-preview:-1"},"canonical":"https:\/\/sunsun.fr\/en\/sun-sun-france-photobook\/","og_locale":"en_US","og_type":"article","og_title":"sun\/sun x France PhotoBook - sun\/sun","og_description":"sun\/sun rejoint le tout jeune collectif France PhotoBook d\u00e9di\u00e9 \u00e0 la d\u00e9fense et \u00e0 la promotion de l&#8217;\u00e9dition photo ind\u00e9pendante, compos\u00e9 \u00e0 ce jour de 17 \u00e9diteurs. France PhotoBook &gt; https:\/\/francephotobook.fr Andr\u00e9 Fr\u00e8re \/ Arnaud Bizalion Editeur \/ Les \u00c9ditions de Juillet \/ Atelier EXB \/ Editions Filigranes \/ Fisheye Magazine \/ \u00c9ditions h&#8217;Artpon \/ [&hellip;]","og_url":"https:\/\/sunsun.fr\/en\/sun-sun-france-photobook\/","og_site_name":"sun\/sun","article_publisher":"https:\/\/www.facebook.com\/icisunsun","article_published_time":"2020-11-11T09:51:00+00:00","article_modified_time":"2025-11-02T22:32:57+00:00","author":"sunsun","twitter_card":"summary_large_image","twitter_misc":{"Written by":"sunsun","Est. reading time":"1 minute"},"schema":{"@context":"https:\/\/schema.org","@graph":[{"@type":"WebPage","@id":"https:\/\/sunsun.fr\/en\/sun-sun-france-photobook\/","url":"https:\/\/sunsun.fr\/en\/sun-sun-france-photobook\/","name":"sun\/sun x France PhotoBook - sun\/sun","isPartOf":{"@id":"https:\/\/dev.webxost.com\/sunsun2\/#website"},"datePublished":"2020-11-11T09:51:00+00:00","dateModified":"2025-11-02T22:32:57+00:00","author":{"@id":"https:\/\/dev.webxost.com\/sunsun2\/#\/schema\/person\/6eb1e1219ccc0109cbdfeeda5b31a0e4"},"breadcrumb":{"@id":"https:\/\/sunsun.fr\/en\/sun-sun-france-photobook\/#breadcrumb"},"inLanguage":"en-US","potentialAction":[{"@type":"ReadAction","target":["https:\/\/sunsun.fr\/en\/sun-sun-france-photobook\/"]}]},{"@type":"BreadcrumbList","@id":"https:\/\/sunsun.fr\/en\/sun-sun-france-photobook\/#breadcrumb","itemListElement":[{"@type":"ListItem","position":1,"name":"Home","item":"https:\/\/sunsun.fr\/en\/"},{"@type":"ListItem","position":2,"name":"sun\/sun x France PhotoBook"}]},{"@type":"WebSite","@id":"https:\/\/dev.webxost.com\/sunsun2\/#website","url":"https:\/\/dev.webxost.com\/sunsun2\/","name":"sun\/sun","description":"label de cr\u00e9ation \u00e9ditoriale","potentialAction":[{"@type":"SearchAction","target":{"@type":"EntryPoint","urlTemplate":"https:\/\/dev.webxost.com\/sunsun2\/?s={search_term_string}"},"query-input":{"@type":"PropertyValueSpecification","valueRequired":true,"valueName":"search_term_string"}}],"inLanguage":"en-US"},{"@type":"Person","@id":"https:\/\/dev.webxost.com\/sunsun2\/#\/schema\/person\/6eb1e1219ccc0109cbdfeeda5b31a0e4","name":"sunsun","image":{"@type":"ImageObject","inLanguage":"en-US","@id":"https:\/\/dev.webxost.com\/sunsun2\/#\/schema\/person\/image\/","url":"https:\/\/secure.gravatar.com\/avatar\/512584f5a9a444f9116a0bdb14388a6d?s=96&d=mm&r=g","contentUrl":"https:\/\/secure.gravatar.com\/avatar\/512584f5a9a444f9116a0bdb14388a6d?s=96&d=mm&r=g","caption":"sunsun"}}]}},"_links":{"self":[{"href":"https:\/\/sunsun.fr\/en\/wp-json\/wp\/v2\/posts\/3877"}],"collection":[{"href":"https:\/\/sunsun.fr\/en\/wp-json\/wp\/v2\/posts"}],"about":[{"href":"https:\/\/sunsun.fr\/en\/wp-json\/wp\/v2\/types\/post"}],"author":[{"embeddable":true,"href":"https:\/\/sunsun.fr\/en\/wp-json\/wp\/v2\/users\/2"}],"replies":[{"embeddable":true,"href":"https:\/\/sunsun.fr\/en\/wp-json\/wp\/v2\/comments?post=3877"}],"version-history":[{"count":1,"href":"https:\/\/sunsun.fr\/en\/wp-json\/wp\/v2\/posts\/3877\/revisions"}],"predecessor-version":[{"id":3878,"href":"https:\/\/sunsun.fr\/en\/wp-json\/wp\/v2\/posts\/3877\/revisions\/3878"}],"wp:attachment":[{"href":"https:\/\/sunsun.fr\/en\/wp-json\/wp\/v2\/media?parent=3877"}],"wp:term":[{"taxonomy":"category","embeddable":true,"href":"https:\/\/sunsun.fr\/en\/wp-json\/wp\/v2\/categories?post=3877"},{"taxonomy":"post_tag","embeddable":true,"href":"https:\/\/sunsun.fr\/en\/wp-json\/wp\/v2\/tags?post=3877"}],"curies":[{"name":"wp","href":"https:\/\/api.w.org\/{rel}","templated":true}]}}