{"id":3881,"date":"2020-09-11T11:05:53","date_gmt":"2020-09-11T09:05:53","guid":{"rendered":"https:\/\/sunsun.fr\/?p=3881"},"modified":"2025-11-02T15:59:27","modified_gmt":"2025-11-02T14:59:27","slug":"athens-art-book-fair","status":"publish","type":"post","link":"https:\/\/sunsun.fr\/en\/athens-art-book-fair\/","title":{"rendered":"Athens Art Book Fair"},"content":{"rendered":"<p>Athens Art Book Fair 2020 : l&#8217;\u00e9dition locale \u00e9tait pr\u00e9vue sur la place de Kypseli Municipal Market les samedi 26 and dimanche 27 septembre de 11h \u00e0 20h.<\/p>\n<p>La seconde \u00e9dition du Athens Art Book Fair nous invite \u00e0 penser \u00e0 une \u00e9chelle (g\u00e9ographique) plus petite pour refaire \u00e9merger les notions de &#8220;localit\u00e9&#8221;. D\u00e9tournant l&#8217;ins\u00e9curit\u00e9 qui entoure les voyages internationaux en opportunit\u00e9 pour une introspection, l&#8217;\u00e9dition de cette ann\u00e9e focalise sur des pratiques \u00e9ditoriales bas\u00e9es en\/autour de la Gr\u00e8ce et ambitionne de pr\u00e9senter un \u00e9chantillon de publications issues de la p\u00e9ninsule des Balkans.<br \/>\nD\u00e9veloppant son activit\u00e9 principalement entre la France et la Gr\u00e8ce, sun\/sun est invit\u00e9 \u00e0 participer \u00e0 cette \u00e9dition locale au vue des nombreuses collaborations d\u00e9velopp\u00e9es avec des \u00e9diteurs, artistes et graphistes d&#8217;Ath\u00e8nes.<\/p>\n<p><a href=\"https:\/\/athensartbookfair.gr\/\">https:\/\/athensartbookfair.gr\/<\/a><\/p>\n","protected":false},"excerpt":{"rendered":"<p>Athens Art Book Fair 2020 : l&#8217;\u00e9dition locale \u00e9tait pr\u00e9vue sur la place de Kypseli Municipal Market les samedi 26 and dimanche 27 septembre de 11h \u00e0 20h. La seconde \u00e9dition du Athens Art Book Fair nous invite \u00e0 penser \u00e0 une \u00e9chelle (g\u00e9ographique) plus petite pour refaire \u00e9merger les notions de &#8220;localit\u00e9&#8221;. D\u00e9tournant l&#8217;ins\u00e9curit\u00e9 [&hellip;]<\/p>\n","protected":false},"author":2,"featured_media":0,"comment_status":"closed","ping_status":"closed","sticky":false,"template":"","format":"standard","meta":{"_acf_changed":false,"_exactmetrics_skip_tracking":false,"_exactmetrics_sitenote_active":false,"_exactmetrics_sitenote_note":"","_exactmetrics_sitenote_category":0,"footnotes":""},"categories":[222],"tags":[],"class_list":["post-3881","post","type-post","status-publish","format-standard","hentry","category-salon-en"],"acf":[],"yoast_head":"<!-- This site is optimized with the Yoast SEO plugin v23.5 - https:\/\/yoast.com\/wordpress\/plugins\/seo\/ -->\n<title>Athens Art Book Fair - sun\/sun<\/title>\n<meta name=\"robots\" content=\"index, follow, max-snippet:-1, max-image-preview:large, max-video-preview:-1\" \/>\n<link rel=\"canonical\" href=\"https:\/\/sunsun.fr\/en\/athens-art-book-fair\/\" \/>\n<meta property=\"og:locale\" content=\"en_US\" \/>\n<meta property=\"og:type\" content=\"article\" \/>\n<meta property=\"og:title\" content=\"Athens Art Book Fair - sun\/sun\" \/>\n<meta property=\"og:description\" content=\"Athens Art Book Fair 2020 : l&#8217;\u00e9dition locale \u00e9tait pr\u00e9vue sur la place de Kypseli Municipal Market les samedi 26 and dimanche 27 septembre de 11h \u00e0 20h. La seconde \u00e9dition du Athens Art Book Fair nous invite \u00e0 penser \u00e0 une \u00e9chelle (g\u00e9ographique) plus petite pour refaire \u00e9merger les notions de &#8220;localit\u00e9&#8221;. D\u00e9tournant l&#8217;ins\u00e9curit\u00e9 [&hellip;]\" \/>\n<meta property=\"og:url\" content=\"https:\/\/sunsun.fr\/en\/athens-art-book-fair\/\" \/>\n<meta property=\"og:site_name\" content=\"sun\/sun\" \/>\n<meta property=\"article:publisher\" content=\"https:\/\/www.facebook.com\/icisunsun\" \/>\n<meta property=\"article:published_time\" content=\"2020-09-11T09:05:53+00:00\" \/>\n<meta property=\"article:modified_time\" content=\"2025-11-02T14:59:27+00:00\" \/>\n<meta name=\"author\" content=\"sunsun\" \/>\n<meta name=\"twitter:card\" content=\"summary_large_image\" \/>\n<meta name=\"twitter:label1\" content=\"Written by\" \/>\n\t<meta name=\"twitter:data1\" content=\"sunsun\" \/>\n<script type=\"application\/ld+json\" class=\"yoast-schema-graph\">{\"@context\":\"https:\/\/schema.org\",\"@graph\":[{\"@type\":\"WebPage\",\"@id\":\"https:\/\/sunsun.fr\/en\/athens-art-book-fair\/\",\"url\":\"https:\/\/sunsun.fr\/en\/athens-art-book-fair\/\",\"name\":\"Athens Art Book Fair - sun\/sun\",\"isPartOf\":{\"@id\":\"https:\/\/dev.webxost.com\/sunsun2\/#website\"},\"datePublished\":\"2020-09-11T09:05:53+00:00\",\"dateModified\":\"2025-11-02T14:59:27+00:00\",\"author\":{\"@id\":\"https:\/\/dev.webxost.com\/sunsun2\/#\/schema\/person\/6eb1e1219ccc0109cbdfeeda5b31a0e4\"},\"breadcrumb\":{\"@id\":\"https:\/\/sunsun.fr\/en\/athens-art-book-fair\/#breadcrumb\"},\"inLanguage\":\"en-US\",\"potentialAction\":[{\"@type\":\"ReadAction\",\"target\":[\"https:\/\/sunsun.fr\/en\/athens-art-book-fair\/\"]}]},{\"@type\":\"BreadcrumbList\",\"@id\":\"https:\/\/sunsun.fr\/en\/athens-art-book-fair\/#breadcrumb\",\"itemListElement\":[{\"@type\":\"ListItem\",\"position\":1,\"name\":\"Home\",\"item\":\"https:\/\/sunsun.fr\/en\/\"},{\"@type\":\"ListItem\",\"position\":2,\"name\":\"Athens Art Book Fair\"}]},{\"@type\":\"WebSite\",\"@id\":\"https:\/\/dev.webxost.com\/sunsun2\/#website\",\"url\":\"https:\/\/dev.webxost.com\/sunsun2\/\",\"name\":\"sun\/sun\",\"description\":\"label de cr\u00e9ation \u00e9ditoriale\",\"potentialAction\":[{\"@type\":\"SearchAction\",\"target\":{\"@type\":\"EntryPoint\",\"urlTemplate\":\"https:\/\/dev.webxost.com\/sunsun2\/?s={search_term_string}\"},\"query-input\":{\"@type\":\"PropertyValueSpecification\",\"valueRequired\":true,\"valueName\":\"search_term_string\"}}],\"inLanguage\":\"en-US\"},{\"@type\":\"Person\",\"@id\":\"https:\/\/dev.webxost.com\/sunsun2\/#\/schema\/person\/6eb1e1219ccc0109cbdfeeda5b31a0e4\",\"name\":\"sunsun\",\"image\":{\"@type\":\"ImageObject\",\"inLanguage\":\"en-US\",\"@id\":\"https:\/\/dev.webxost.com\/sunsun2\/#\/schema\/person\/image\/\",\"url\":\"https:\/\/secure.gravatar.com\/avatar\/512584f5a9a444f9116a0bdb14388a6d?s=96&d=mm&r=g\",\"contentUrl\":\"https:\/\/secure.gravatar.com\/avatar\/512584f5a9a444f9116a0bdb14388a6d?s=96&d=mm&r=g\",\"caption\":\"sunsun\"}}]}<\/script>\n<!-- \/ Yoast SEO plugin. -->","yoast_head_json":{"title":"Athens Art Book Fair - sun\/sun","robots":{"index":"index","follow":"follow","max-snippet":"max-snippet:-1","max-image-preview":"max-image-preview:large","max-video-preview":"max-video-preview:-1"},"canonical":"https:\/\/sunsun.fr\/en\/athens-art-book-fair\/","og_locale":"en_US","og_type":"article","og_title":"Athens Art Book Fair - sun\/sun","og_description":"Athens Art Book Fair 2020 : l&#8217;\u00e9dition locale \u00e9tait pr\u00e9vue sur la place de Kypseli Municipal Market les samedi 26 and dimanche 27 septembre de 11h \u00e0 20h. La seconde \u00e9dition du Athens Art Book Fair nous invite \u00e0 penser \u00e0 une \u00e9chelle (g\u00e9ographique) plus petite pour refaire \u00e9merger les notions de &#8220;localit\u00e9&#8221;. D\u00e9tournant l&#8217;ins\u00e9curit\u00e9 [&hellip;]","og_url":"https:\/\/sunsun.fr\/en\/athens-art-book-fair\/","og_site_name":"sun\/sun","article_publisher":"https:\/\/www.facebook.com\/icisunsun","article_published_time":"2020-09-11T09:05:53+00:00","article_modified_time":"2025-11-02T14:59:27+00:00","author":"sunsun","twitter_card":"summary_large_image","twitter_misc":{"Written by":"sunsun"},"schema":{"@context":"https:\/\/schema.org","@graph":[{"@type":"WebPage","@id":"https:\/\/sunsun.fr\/en\/athens-art-book-fair\/","url":"https:\/\/sunsun.fr\/en\/athens-art-book-fair\/","name":"Athens Art Book Fair - sun\/sun","isPartOf":{"@id":"https:\/\/dev.webxost.com\/sunsun2\/#website"},"datePublished":"2020-09-11T09:05:53+00:00","dateModified":"2025-11-02T14:59:27+00:00","author":{"@id":"https:\/\/dev.webxost.com\/sunsun2\/#\/schema\/person\/6eb1e1219ccc0109cbdfeeda5b31a0e4"},"breadcrumb":{"@id":"https:\/\/sunsun.fr\/en\/athens-art-book-fair\/#breadcrumb"},"inLanguage":"en-US","potentialAction":[{"@type":"ReadAction","target":["https:\/\/sunsun.fr\/en\/athens-art-book-fair\/"]}]},{"@type":"BreadcrumbList","@id":"https:\/\/sunsun.fr\/en\/athens-art-book-fair\/#breadcrumb","itemListElement":[{"@type":"ListItem","position":1,"name":"Home","item":"https:\/\/sunsun.fr\/en\/"},{"@type":"ListItem","position":2,"name":"Athens Art Book Fair"}]},{"@type":"WebSite","@id":"https:\/\/dev.webxost.com\/sunsun2\/#website","url":"https:\/\/dev.webxost.com\/sunsun2\/","name":"sun\/sun","description":"label de cr\u00e9ation \u00e9ditoriale","potentialAction":[{"@type":"SearchAction","target":{"@type":"EntryPoint","urlTemplate":"https:\/\/dev.webxost.com\/sunsun2\/?s={search_term_string}"},"query-input":{"@type":"PropertyValueSpecification","valueRequired":true,"valueName":"search_term_string"}}],"inLanguage":"en-US"},{"@type":"Person","@id":"https:\/\/dev.webxost.com\/sunsun2\/#\/schema\/person\/6eb1e1219ccc0109cbdfeeda5b31a0e4","name":"sunsun","image":{"@type":"ImageObject","inLanguage":"en-US","@id":"https:\/\/dev.webxost.com\/sunsun2\/#\/schema\/person\/image\/","url":"https:\/\/secure.gravatar.com\/avatar\/512584f5a9a444f9116a0bdb14388a6d?s=96&d=mm&r=g","contentUrl":"https:\/\/secure.gravatar.com\/avatar\/512584f5a9a444f9116a0bdb14388a6d?s=96&d=mm&r=g","caption":"sunsun"}}]}},"_links":{"self":[{"href":"https:\/\/sunsun.fr\/en\/wp-json\/wp\/v2\/posts\/3881"}],"collection":[{"href":"https:\/\/sunsun.fr\/en\/wp-json\/wp\/v2\/posts"}],"about":[{"href":"https:\/\/sunsun.fr\/en\/wp-json\/wp\/v2\/types\/post"}],"author":[{"embeddable":true,"href":"https:\/\/sunsun.fr\/en\/wp-json\/wp\/v2\/users\/2"}],"replies":[{"embeddable":true,"href":"https:\/\/sunsun.fr\/en\/wp-json\/wp\/v2\/comments?post=3881"}],"version-history":[{"count":1,"href":"https:\/\/sunsun.fr\/en\/wp-json\/wp\/v2\/posts\/3881\/revisions"}],"predecessor-version":[{"id":3882,"href":"https:\/\/sunsun.fr\/en\/wp-json\/wp\/v2\/posts\/3881\/revisions\/3882"}],"wp:attachment":[{"href":"https:\/\/sunsun.fr\/en\/wp-json\/wp\/v2\/media?parent=3881"}],"wp:term":[{"taxonomy":"category","embeddable":true,"href":"https:\/\/sunsun.fr\/en\/wp-json\/wp\/v2\/categories?post=3881"},{"taxonomy":"post_tag","embeddable":true,"href":"https:\/\/sunsun.fr\/en\/wp-json\/wp\/v2\/tags?post=3881"}],"curies":[{"name":"wp","href":"https:\/\/api.w.org\/{rel}","templated":true}]}}