{"id":3915,"date":"2018-07-15T15:38:47","date_gmt":"2018-07-15T13:38:47","guid":{"rendered":"https:\/\/sunsun.fr\/?p=3915"},"modified":"2025-11-03T00:02:23","modified_gmt":"2025-11-02T23:02:23","slug":"rencontres-darles-cosmos","status":"publish","type":"post","link":"https:\/\/sunsun.fr\/en\/rencontres-darles-cosmos\/","title":{"rendered":"@ Rencontres d&#8217;Arles \/ Cosmos"},"content":{"rendered":"<div>\n<div>LECTURES ELECTRIQUES corpus#11- FUTUR ANTERIEUR<\/div>\n<\/div>\n<div>L.E-corpus#11@<wbr \/>cosmosrencontresphotoarles2018<\/div>\n<div><\/div>\n<div>C\u2019est au coeur du Cosmos-Arles Books, espace satellite des Rencontres de la photographie d\u2019Arles d\u00e9di\u00e9 aux pratiques contemporaines de la publication en photographie que se tiendra le corpus#11 des lectures \u00e9lectriques. Intitul\u00e9 \u00ab FUTUR ANTERIEUR\u00a0\u00bb, ce corpus traversera les diff\u00e9rentes modalit\u00e9s de regards que la photographie a induit, aliment\u00e9, contredit, d\u00e9tourn\u00e9 au fil des \u00e9poques dans lesquelles elle s\u2019est d\u00e9ploy\u00e9e et transform\u00e9e.<\/div>\n<div>\n<p>S\u2019appuyant sur l\u2019anniversaire de 1968 pour questionner\u00a0particuli\u00e8rement nos\u00a0imaginaires de r\u00e9voltes et notre besoin de faire front, il s\u2019agira pour ce onzi\u00e8me chapitre des Lectures \u00e9lectriques de faire apparaitre la fine relation que la la lutte et l\u2019image de la lutte entretiennent. \u00a0Comment l\u2019esth\u00e9tique de la r\u00e9sistance mute et se devance elle-m\u00eame en d\u00e9jouant \u00e0 la fois le ronron narcissique de l\u2019image publicitaire et celui de la nostalgique m\u00e9lancolie, d\u00e8s lors qu\u2019on prend le temps de lire entre les lignes d\u2019une image ?<\/p>\n<\/div>\n<div>R\u00e9unissant les textes d\u2019Arno Bertina, \u00a0Maria Kakogianni, Raymond Depardon, Marielle Mac\u00e9 ou encore Fernando Pessoa\u00a0le corpus#11 \u00ab Futur Ant\u00e9rieur \u00bb sera l\u2019occasion de se\u00a0saisir de la fl\u00e8che du temps dans\u00a0toutes ses directions.<\/div>\n<div><\/div>\n","protected":false},"excerpt":{"rendered":"<p>LECTURES ELECTRIQUES corpus#11- FUTUR ANTERIEUR L.E-corpus#11@cosmosrencontresphotoarles2018 C\u2019est au coeur du Cosmos-Arles Books, espace satellite des Rencontres de la photographie d\u2019Arles d\u00e9di\u00e9 aux pratiques contemporaines de la publication en photographie que se tiendra le corpus#11 des lectures \u00e9lectriques. Intitul\u00e9 \u00ab FUTUR ANTERIEUR\u00a0\u00bb, ce corpus traversera les diff\u00e9rentes modalit\u00e9s de regards que la photographie a induit, aliment\u00e9, [&hellip;]<\/p>\n","protected":false},"author":2,"featured_media":1576,"comment_status":"closed","ping_status":"closed","sticky":false,"template":"","format":"standard","meta":{"_acf_changed":false,"_exactmetrics_skip_tracking":false,"_exactmetrics_sitenote_active":false,"_exactmetrics_sitenote_note":"","_exactmetrics_sitenote_category":0,"footnotes":""},"categories":[220],"tags":[],"class_list":["post-3915","post","type-post","status-publish","format-standard","has-post-thumbnail","hentry","category-collaboration-perfomance"],"acf":[],"yoast_head":"<!-- This site is optimized with the Yoast SEO plugin v23.5 - https:\/\/yoast.com\/wordpress\/plugins\/seo\/ -->\n<title>@ Rencontres d&#039;Arles \/ Cosmos - sun\/sun<\/title>\n<meta name=\"robots\" content=\"index, follow, max-snippet:-1, max-image-preview:large, max-video-preview:-1\" \/>\n<link rel=\"canonical\" href=\"https:\/\/sunsun.fr\/en\/rencontres-darles-cosmos\/\" \/>\n<meta property=\"og:locale\" content=\"en_US\" \/>\n<meta property=\"og:type\" content=\"article\" \/>\n<meta property=\"og:title\" content=\"@ Rencontres d&#039;Arles \/ Cosmos - sun\/sun\" \/>\n<meta property=\"og:description\" content=\"LECTURES ELECTRIQUES corpus#11- FUTUR ANTERIEUR L.E-corpus#11@cosmosrencontresphotoarles2018 C\u2019est au coeur du Cosmos-Arles Books, espace satellite des Rencontres de la photographie d\u2019Arles d\u00e9di\u00e9 aux pratiques contemporaines de la publication en photographie que se tiendra le corpus#11 des lectures \u00e9lectriques. Intitul\u00e9 \u00ab FUTUR ANTERIEUR\u00a0\u00bb, ce corpus traversera les diff\u00e9rentes modalit\u00e9s de regards que la photographie a induit, aliment\u00e9, [&hellip;]\" \/>\n<meta property=\"og:url\" content=\"https:\/\/sunsun.fr\/en\/rencontres-darles-cosmos\/\" \/>\n<meta property=\"og:site_name\" content=\"sun\/sun\" \/>\n<meta property=\"article:publisher\" content=\"https:\/\/www.facebook.com\/icisunsun\" \/>\n<meta property=\"article:published_time\" content=\"2018-07-15T13:38:47+00:00\" \/>\n<meta property=\"article:modified_time\" content=\"2025-11-02T23:02:23+00:00\" \/>\n<meta property=\"og:image\" content=\"https:\/\/sunsun.fr\/app\/uploads\/2018\/08\/IMG_20180704_130347.jpg\" \/>\n\t<meta property=\"og:image:width\" content=\"1350\" \/>\n\t<meta property=\"og:image:height\" content=\"1800\" \/>\n\t<meta property=\"og:image:type\" content=\"image\/jpeg\" \/>\n<meta name=\"author\" content=\"sunsun\" \/>\n<meta name=\"twitter:card\" content=\"summary_large_image\" \/>\n<meta name=\"twitter:label1\" content=\"Written by\" \/>\n\t<meta name=\"twitter:data1\" content=\"sunsun\" \/>\n\t<meta name=\"twitter:label2\" content=\"Est. reading time\" \/>\n\t<meta name=\"twitter:data2\" content=\"2 minutes\" \/>\n<script type=\"application\/ld+json\" class=\"yoast-schema-graph\">{\"@context\":\"https:\/\/schema.org\",\"@graph\":[{\"@type\":\"WebPage\",\"@id\":\"https:\/\/sunsun.fr\/en\/rencontres-darles-cosmos\/\",\"url\":\"https:\/\/sunsun.fr\/en\/rencontres-darles-cosmos\/\",\"name\":\"@ Rencontres d'Arles \/ Cosmos - sun\/sun\",\"isPartOf\":{\"@id\":\"https:\/\/dev.webxost.com\/sunsun2\/#website\"},\"primaryImageOfPage\":{\"@id\":\"https:\/\/sunsun.fr\/en\/rencontres-darles-cosmos\/#primaryimage\"},\"image\":{\"@id\":\"https:\/\/sunsun.fr\/en\/rencontres-darles-cosmos\/#primaryimage\"},\"thumbnailUrl\":\"https:\/\/sunsun.fr\/app\/uploads\/2018\/08\/IMG_20180704_130347.jpg\",\"datePublished\":\"2018-07-15T13:38:47+00:00\",\"dateModified\":\"2025-11-02T23:02:23+00:00\",\"author\":{\"@id\":\"https:\/\/dev.webxost.com\/sunsun2\/#\/schema\/person\/6eb1e1219ccc0109cbdfeeda5b31a0e4\"},\"breadcrumb\":{\"@id\":\"https:\/\/sunsun.fr\/en\/rencontres-darles-cosmos\/#breadcrumb\"},\"inLanguage\":\"en-US\",\"potentialAction\":[{\"@type\":\"ReadAction\",\"target\":[\"https:\/\/sunsun.fr\/en\/rencontres-darles-cosmos\/\"]}]},{\"@type\":\"ImageObject\",\"inLanguage\":\"en-US\",\"@id\":\"https:\/\/sunsun.fr\/en\/rencontres-darles-cosmos\/#primaryimage\",\"url\":\"https:\/\/sunsun.fr\/app\/uploads\/2018\/08\/IMG_20180704_130347.jpg\",\"contentUrl\":\"https:\/\/sunsun.fr\/app\/uploads\/2018\/08\/IMG_20180704_130347.jpg\",\"width\":1350,\"height\":1800,\"caption\":\"dav\"},{\"@type\":\"BreadcrumbList\",\"@id\":\"https:\/\/sunsun.fr\/en\/rencontres-darles-cosmos\/#breadcrumb\",\"itemListElement\":[{\"@type\":\"ListItem\",\"position\":1,\"name\":\"Home\",\"item\":\"https:\/\/sunsun.fr\/en\/\"},{\"@type\":\"ListItem\",\"position\":2,\"name\":\"@ Rencontres d&#8217;Arles \/ Cosmos\"}]},{\"@type\":\"WebSite\",\"@id\":\"https:\/\/dev.webxost.com\/sunsun2\/#website\",\"url\":\"https:\/\/dev.webxost.com\/sunsun2\/\",\"name\":\"sun\/sun\",\"description\":\"label de cr\u00e9ation \u00e9ditoriale\",\"potentialAction\":[{\"@type\":\"SearchAction\",\"target\":{\"@type\":\"EntryPoint\",\"urlTemplate\":\"https:\/\/dev.webxost.com\/sunsun2\/?s={search_term_string}\"},\"query-input\":{\"@type\":\"PropertyValueSpecification\",\"valueRequired\":true,\"valueName\":\"search_term_string\"}}],\"inLanguage\":\"en-US\"},{\"@type\":\"Person\",\"@id\":\"https:\/\/dev.webxost.com\/sunsun2\/#\/schema\/person\/6eb1e1219ccc0109cbdfeeda5b31a0e4\",\"name\":\"sunsun\",\"image\":{\"@type\":\"ImageObject\",\"inLanguage\":\"en-US\",\"@id\":\"https:\/\/dev.webxost.com\/sunsun2\/#\/schema\/person\/image\/\",\"url\":\"https:\/\/secure.gravatar.com\/avatar\/512584f5a9a444f9116a0bdb14388a6d?s=96&d=mm&r=g\",\"contentUrl\":\"https:\/\/secure.gravatar.com\/avatar\/512584f5a9a444f9116a0bdb14388a6d?s=96&d=mm&r=g\",\"caption\":\"sunsun\"}}]}<\/script>\n<!-- \/ Yoast SEO plugin. -->","yoast_head_json":{"title":"@ Rencontres d'Arles \/ Cosmos - sun\/sun","robots":{"index":"index","follow":"follow","max-snippet":"max-snippet:-1","max-image-preview":"max-image-preview:large","max-video-preview":"max-video-preview:-1"},"canonical":"https:\/\/sunsun.fr\/en\/rencontres-darles-cosmos\/","og_locale":"en_US","og_type":"article","og_title":"@ Rencontres d'Arles \/ Cosmos - sun\/sun","og_description":"LECTURES ELECTRIQUES corpus#11- FUTUR ANTERIEUR L.E-corpus#11@cosmosrencontresphotoarles2018 C\u2019est au coeur du Cosmos-Arles Books, espace satellite des Rencontres de la photographie d\u2019Arles d\u00e9di\u00e9 aux pratiques contemporaines de la publication en photographie que se tiendra le corpus#11 des lectures \u00e9lectriques. Intitul\u00e9 \u00ab FUTUR ANTERIEUR\u00a0\u00bb, ce corpus traversera les diff\u00e9rentes modalit\u00e9s de regards que la photographie a induit, aliment\u00e9, [&hellip;]","og_url":"https:\/\/sunsun.fr\/en\/rencontres-darles-cosmos\/","og_site_name":"sun\/sun","article_publisher":"https:\/\/www.facebook.com\/icisunsun","article_published_time":"2018-07-15T13:38:47+00:00","article_modified_time":"2025-11-02T23:02:23+00:00","og_image":[{"width":1350,"height":1800,"url":"https:\/\/sunsun.fr\/app\/uploads\/2018\/08\/IMG_20180704_130347.jpg","type":"image\/jpeg"}],"author":"sunsun","twitter_card":"summary_large_image","twitter_misc":{"Written by":"sunsun","Est. reading time":"2 minutes"},"schema":{"@context":"https:\/\/schema.org","@graph":[{"@type":"WebPage","@id":"https:\/\/sunsun.fr\/en\/rencontres-darles-cosmos\/","url":"https:\/\/sunsun.fr\/en\/rencontres-darles-cosmos\/","name":"@ Rencontres d'Arles \/ Cosmos - sun\/sun","isPartOf":{"@id":"https:\/\/dev.webxost.com\/sunsun2\/#website"},"primaryImageOfPage":{"@id":"https:\/\/sunsun.fr\/en\/rencontres-darles-cosmos\/#primaryimage"},"image":{"@id":"https:\/\/sunsun.fr\/en\/rencontres-darles-cosmos\/#primaryimage"},"thumbnailUrl":"https:\/\/sunsun.fr\/app\/uploads\/2018\/08\/IMG_20180704_130347.jpg","datePublished":"2018-07-15T13:38:47+00:00","dateModified":"2025-11-02T23:02:23+00:00","author":{"@id":"https:\/\/dev.webxost.com\/sunsun2\/#\/schema\/person\/6eb1e1219ccc0109cbdfeeda5b31a0e4"},"breadcrumb":{"@id":"https:\/\/sunsun.fr\/en\/rencontres-darles-cosmos\/#breadcrumb"},"inLanguage":"en-US","potentialAction":[{"@type":"ReadAction","target":["https:\/\/sunsun.fr\/en\/rencontres-darles-cosmos\/"]}]},{"@type":"ImageObject","inLanguage":"en-US","@id":"https:\/\/sunsun.fr\/en\/rencontres-darles-cosmos\/#primaryimage","url":"https:\/\/sunsun.fr\/app\/uploads\/2018\/08\/IMG_20180704_130347.jpg","contentUrl":"https:\/\/sunsun.fr\/app\/uploads\/2018\/08\/IMG_20180704_130347.jpg","width":1350,"height":1800,"caption":"dav"},{"@type":"BreadcrumbList","@id":"https:\/\/sunsun.fr\/en\/rencontres-darles-cosmos\/#breadcrumb","itemListElement":[{"@type":"ListItem","position":1,"name":"Home","item":"https:\/\/sunsun.fr\/en\/"},{"@type":"ListItem","position":2,"name":"@ Rencontres d&#8217;Arles \/ Cosmos"}]},{"@type":"WebSite","@id":"https:\/\/dev.webxost.com\/sunsun2\/#website","url":"https:\/\/dev.webxost.com\/sunsun2\/","name":"sun\/sun","description":"label de cr\u00e9ation \u00e9ditoriale","potentialAction":[{"@type":"SearchAction","target":{"@type":"EntryPoint","urlTemplate":"https:\/\/dev.webxost.com\/sunsun2\/?s={search_term_string}"},"query-input":{"@type":"PropertyValueSpecification","valueRequired":true,"valueName":"search_term_string"}}],"inLanguage":"en-US"},{"@type":"Person","@id":"https:\/\/dev.webxost.com\/sunsun2\/#\/schema\/person\/6eb1e1219ccc0109cbdfeeda5b31a0e4","name":"sunsun","image":{"@type":"ImageObject","inLanguage":"en-US","@id":"https:\/\/dev.webxost.com\/sunsun2\/#\/schema\/person\/image\/","url":"https:\/\/secure.gravatar.com\/avatar\/512584f5a9a444f9116a0bdb14388a6d?s=96&d=mm&r=g","contentUrl":"https:\/\/secure.gravatar.com\/avatar\/512584f5a9a444f9116a0bdb14388a6d?s=96&d=mm&r=g","caption":"sunsun"}}]}},"_links":{"self":[{"href":"https:\/\/sunsun.fr\/en\/wp-json\/wp\/v2\/posts\/3915"}],"collection":[{"href":"https:\/\/sunsun.fr\/en\/wp-json\/wp\/v2\/posts"}],"about":[{"href":"https:\/\/sunsun.fr\/en\/wp-json\/wp\/v2\/types\/post"}],"author":[{"embeddable":true,"href":"https:\/\/sunsun.fr\/en\/wp-json\/wp\/v2\/users\/2"}],"replies":[{"embeddable":true,"href":"https:\/\/sunsun.fr\/en\/wp-json\/wp\/v2\/comments?post=3915"}],"version-history":[{"count":1,"href":"https:\/\/sunsun.fr\/en\/wp-json\/wp\/v2\/posts\/3915\/revisions"}],"predecessor-version":[{"id":3916,"href":"https:\/\/sunsun.fr\/en\/wp-json\/wp\/v2\/posts\/3915\/revisions\/3916"}],"wp:featuredmedia":[{"embeddable":true,"href":"https:\/\/sunsun.fr\/en\/wp-json\/wp\/v2\/media\/1576"}],"wp:attachment":[{"href":"https:\/\/sunsun.fr\/en\/wp-json\/wp\/v2\/media?parent=3915"}],"wp:term":[{"taxonomy":"category","embeddable":true,"href":"https:\/\/sunsun.fr\/en\/wp-json\/wp\/v2\/categories?post=3915"},{"taxonomy":"post_tag","embeddable":true,"href":"https:\/\/sunsun.fr\/en\/wp-json\/wp\/v2\/tags?post=3915"}],"curies":[{"name":"wp","href":"https:\/\/api.w.org\/{rel}","templated":true}]}}