{"id":3967,"date":"2017-07-14T12:56:55","date_gmt":"2017-07-14T10:56:55","guid":{"rendered":"https:\/\/sunsun.fr\/?p=3967"},"modified":"2025-11-02T17:46:15","modified_gmt":"2025-11-02T16:46:15","slug":"rencontres-darles-fotohaus-paris-berlin","status":"publish","type":"post","link":"https:\/\/sunsun.fr\/en\/rencontres-darles-fotohaus-paris-berlin\/","title":{"rendered":"@ Rencontres d&#8217;Arles \/ Fotohaus Paris-Berlin"},"content":{"rendered":"<p class=\"p1\">corpus REVOIR<\/p>\n<p class=\"p2\">Pour les Rencontres d\u2019Arles, cette \u00e9dition des LECTURES \u00c9LECTRIQUES \u2013 corpus REVOIR questionnait les notions de repr\u00e9sentation, d\u2019observation, de regard et de photographie. Quel regard construisons-nous ? Comment le partage de nos \u00ab points de vue \u00bb comme de nos sensations perceptives peut-il construire un imaginaire ? De Marie-Jos\u00e9e Mondzain \u00e0 Bergson en passant par \u00abAlice au pays des merveilles\u00bb ou des r\u00e9cits de photographes, ce corpus proposait aux oreilles des auditeurs un questionnement po\u00e9tique o\u00f9 les mots ne se d\u00e9tachait pas des images.<\/p>\n","protected":false},"excerpt":{"rendered":"<p>corpus REVOIR Pour les Rencontres d\u2019Arles, cette \u00e9dition des LECTURES \u00c9LECTRIQUES \u2013 corpus REVOIR questionnait les notions de repr\u00e9sentation, d\u2019observation, de regard et de photographie. Quel regard construisons-nous ? Comment le partage de nos \u00ab points de vue \u00bb comme de nos sensations perceptives peut-il construire un imaginaire ? De Marie-Jos\u00e9e Mondzain \u00e0 Bergson en [&hellip;]<\/p>\n","protected":false},"author":2,"featured_media":0,"comment_status":"closed","ping_status":"closed","sticky":false,"template":"","format":"standard","meta":{"_acf_changed":false,"_exactmetrics_skip_tracking":false,"_exactmetrics_sitenote_active":false,"_exactmetrics_sitenote_note":"","_exactmetrics_sitenote_category":0,"footnotes":""},"categories":[222],"tags":[],"class_list":["post-3967","post","type-post","status-publish","format-standard","hentry","category-salon-en"],"acf":[],"yoast_head":"<!-- This site is optimized with the Yoast SEO plugin v23.5 - https:\/\/yoast.com\/wordpress\/plugins\/seo\/ -->\n<title>@ Rencontres d&#039;Arles \/ Fotohaus Paris-Berlin - sun\/sun<\/title>\n<meta name=\"robots\" content=\"index, follow, max-snippet:-1, max-image-preview:large, max-video-preview:-1\" \/>\n<link rel=\"canonical\" href=\"https:\/\/sunsun.fr\/en\/rencontres-darles-fotohaus-paris-berlin\/\" \/>\n<meta property=\"og:locale\" content=\"en_US\" \/>\n<meta property=\"og:type\" content=\"article\" \/>\n<meta property=\"og:title\" content=\"@ Rencontres d&#039;Arles \/ Fotohaus Paris-Berlin - sun\/sun\" \/>\n<meta property=\"og:description\" content=\"corpus REVOIR Pour les Rencontres d\u2019Arles, cette \u00e9dition des LECTURES \u00c9LECTRIQUES \u2013 corpus REVOIR questionnait les notions de repr\u00e9sentation, d\u2019observation, de regard et de photographie. Quel regard construisons-nous ? Comment le partage de nos \u00ab points de vue \u00bb comme de nos sensations perceptives peut-il construire un imaginaire ? De Marie-Jos\u00e9e Mondzain \u00e0 Bergson en [&hellip;]\" \/>\n<meta property=\"og:url\" content=\"https:\/\/sunsun.fr\/en\/rencontres-darles-fotohaus-paris-berlin\/\" \/>\n<meta property=\"og:site_name\" content=\"sun\/sun\" \/>\n<meta property=\"article:publisher\" content=\"https:\/\/www.facebook.com\/icisunsun\" \/>\n<meta property=\"article:published_time\" content=\"2017-07-14T10:56:55+00:00\" \/>\n<meta property=\"article:modified_time\" content=\"2025-11-02T16:46:15+00:00\" \/>\n<meta name=\"author\" content=\"sunsun\" \/>\n<meta name=\"twitter:card\" content=\"summary_large_image\" \/>\n<meta name=\"twitter:label1\" content=\"Written by\" \/>\n\t<meta name=\"twitter:data1\" content=\"sunsun\" \/>\n\t<meta name=\"twitter:label2\" content=\"Est. reading time\" \/>\n\t<meta name=\"twitter:data2\" content=\"1 minute\" \/>\n<script type=\"application\/ld+json\" class=\"yoast-schema-graph\">{\"@context\":\"https:\/\/schema.org\",\"@graph\":[{\"@type\":\"WebPage\",\"@id\":\"https:\/\/sunsun.fr\/en\/rencontres-darles-fotohaus-paris-berlin\/\",\"url\":\"https:\/\/sunsun.fr\/en\/rencontres-darles-fotohaus-paris-berlin\/\",\"name\":\"@ Rencontres d'Arles \/ Fotohaus Paris-Berlin - sun\/sun\",\"isPartOf\":{\"@id\":\"https:\/\/dev.webxost.com\/sunsun2\/#website\"},\"datePublished\":\"2017-07-14T10:56:55+00:00\",\"dateModified\":\"2025-11-02T16:46:15+00:00\",\"author\":{\"@id\":\"https:\/\/dev.webxost.com\/sunsun2\/#\/schema\/person\/6eb1e1219ccc0109cbdfeeda5b31a0e4\"},\"breadcrumb\":{\"@id\":\"https:\/\/sunsun.fr\/en\/rencontres-darles-fotohaus-paris-berlin\/#breadcrumb\"},\"inLanguage\":\"en-US\",\"potentialAction\":[{\"@type\":\"ReadAction\",\"target\":[\"https:\/\/sunsun.fr\/en\/rencontres-darles-fotohaus-paris-berlin\/\"]}]},{\"@type\":\"BreadcrumbList\",\"@id\":\"https:\/\/sunsun.fr\/en\/rencontres-darles-fotohaus-paris-berlin\/#breadcrumb\",\"itemListElement\":[{\"@type\":\"ListItem\",\"position\":1,\"name\":\"Home\",\"item\":\"https:\/\/sunsun.fr\/en\/\"},{\"@type\":\"ListItem\",\"position\":2,\"name\":\"@ Rencontres d&#8217;Arles \/ Fotohaus Paris-Berlin\"}]},{\"@type\":\"WebSite\",\"@id\":\"https:\/\/dev.webxost.com\/sunsun2\/#website\",\"url\":\"https:\/\/dev.webxost.com\/sunsun2\/\",\"name\":\"sun\/sun\",\"description\":\"label de cr\u00e9ation \u00e9ditoriale\",\"potentialAction\":[{\"@type\":\"SearchAction\",\"target\":{\"@type\":\"EntryPoint\",\"urlTemplate\":\"https:\/\/dev.webxost.com\/sunsun2\/?s={search_term_string}\"},\"query-input\":{\"@type\":\"PropertyValueSpecification\",\"valueRequired\":true,\"valueName\":\"search_term_string\"}}],\"inLanguage\":\"en-US\"},{\"@type\":\"Person\",\"@id\":\"https:\/\/dev.webxost.com\/sunsun2\/#\/schema\/person\/6eb1e1219ccc0109cbdfeeda5b31a0e4\",\"name\":\"sunsun\",\"image\":{\"@type\":\"ImageObject\",\"inLanguage\":\"en-US\",\"@id\":\"https:\/\/dev.webxost.com\/sunsun2\/#\/schema\/person\/image\/\",\"url\":\"https:\/\/secure.gravatar.com\/avatar\/512584f5a9a444f9116a0bdb14388a6d?s=96&d=mm&r=g\",\"contentUrl\":\"https:\/\/secure.gravatar.com\/avatar\/512584f5a9a444f9116a0bdb14388a6d?s=96&d=mm&r=g\",\"caption\":\"sunsun\"}}]}<\/script>\n<!-- \/ Yoast SEO plugin. -->","yoast_head_json":{"title":"@ Rencontres d'Arles \/ Fotohaus Paris-Berlin - sun\/sun","robots":{"index":"index","follow":"follow","max-snippet":"max-snippet:-1","max-image-preview":"max-image-preview:large","max-video-preview":"max-video-preview:-1"},"canonical":"https:\/\/sunsun.fr\/en\/rencontres-darles-fotohaus-paris-berlin\/","og_locale":"en_US","og_type":"article","og_title":"@ Rencontres d'Arles \/ Fotohaus Paris-Berlin - sun\/sun","og_description":"corpus REVOIR Pour les Rencontres d\u2019Arles, cette \u00e9dition des LECTURES \u00c9LECTRIQUES \u2013 corpus REVOIR questionnait les notions de repr\u00e9sentation, d\u2019observation, de regard et de photographie. Quel regard construisons-nous ? Comment le partage de nos \u00ab points de vue \u00bb comme de nos sensations perceptives peut-il construire un imaginaire ? De Marie-Jos\u00e9e Mondzain \u00e0 Bergson en [&hellip;]","og_url":"https:\/\/sunsun.fr\/en\/rencontres-darles-fotohaus-paris-berlin\/","og_site_name":"sun\/sun","article_publisher":"https:\/\/www.facebook.com\/icisunsun","article_published_time":"2017-07-14T10:56:55+00:00","article_modified_time":"2025-11-02T16:46:15+00:00","author":"sunsun","twitter_card":"summary_large_image","twitter_misc":{"Written by":"sunsun","Est. reading time":"1 minute"},"schema":{"@context":"https:\/\/schema.org","@graph":[{"@type":"WebPage","@id":"https:\/\/sunsun.fr\/en\/rencontres-darles-fotohaus-paris-berlin\/","url":"https:\/\/sunsun.fr\/en\/rencontres-darles-fotohaus-paris-berlin\/","name":"@ Rencontres d'Arles \/ Fotohaus Paris-Berlin - sun\/sun","isPartOf":{"@id":"https:\/\/dev.webxost.com\/sunsun2\/#website"},"datePublished":"2017-07-14T10:56:55+00:00","dateModified":"2025-11-02T16:46:15+00:00","author":{"@id":"https:\/\/dev.webxost.com\/sunsun2\/#\/schema\/person\/6eb1e1219ccc0109cbdfeeda5b31a0e4"},"breadcrumb":{"@id":"https:\/\/sunsun.fr\/en\/rencontres-darles-fotohaus-paris-berlin\/#breadcrumb"},"inLanguage":"en-US","potentialAction":[{"@type":"ReadAction","target":["https:\/\/sunsun.fr\/en\/rencontres-darles-fotohaus-paris-berlin\/"]}]},{"@type":"BreadcrumbList","@id":"https:\/\/sunsun.fr\/en\/rencontres-darles-fotohaus-paris-berlin\/#breadcrumb","itemListElement":[{"@type":"ListItem","position":1,"name":"Home","item":"https:\/\/sunsun.fr\/en\/"},{"@type":"ListItem","position":2,"name":"@ Rencontres d&#8217;Arles \/ Fotohaus Paris-Berlin"}]},{"@type":"WebSite","@id":"https:\/\/dev.webxost.com\/sunsun2\/#website","url":"https:\/\/dev.webxost.com\/sunsun2\/","name":"sun\/sun","description":"label de cr\u00e9ation \u00e9ditoriale","potentialAction":[{"@type":"SearchAction","target":{"@type":"EntryPoint","urlTemplate":"https:\/\/dev.webxost.com\/sunsun2\/?s={search_term_string}"},"query-input":{"@type":"PropertyValueSpecification","valueRequired":true,"valueName":"search_term_string"}}],"inLanguage":"en-US"},{"@type":"Person","@id":"https:\/\/dev.webxost.com\/sunsun2\/#\/schema\/person\/6eb1e1219ccc0109cbdfeeda5b31a0e4","name":"sunsun","image":{"@type":"ImageObject","inLanguage":"en-US","@id":"https:\/\/dev.webxost.com\/sunsun2\/#\/schema\/person\/image\/","url":"https:\/\/secure.gravatar.com\/avatar\/512584f5a9a444f9116a0bdb14388a6d?s=96&d=mm&r=g","contentUrl":"https:\/\/secure.gravatar.com\/avatar\/512584f5a9a444f9116a0bdb14388a6d?s=96&d=mm&r=g","caption":"sunsun"}}]}},"_links":{"self":[{"href":"https:\/\/sunsun.fr\/en\/wp-json\/wp\/v2\/posts\/3967"}],"collection":[{"href":"https:\/\/sunsun.fr\/en\/wp-json\/wp\/v2\/posts"}],"about":[{"href":"https:\/\/sunsun.fr\/en\/wp-json\/wp\/v2\/types\/post"}],"author":[{"embeddable":true,"href":"https:\/\/sunsun.fr\/en\/wp-json\/wp\/v2\/users\/2"}],"replies":[{"embeddable":true,"href":"https:\/\/sunsun.fr\/en\/wp-json\/wp\/v2\/comments?post=3967"}],"version-history":[{"count":1,"href":"https:\/\/sunsun.fr\/en\/wp-json\/wp\/v2\/posts\/3967\/revisions"}],"predecessor-version":[{"id":3968,"href":"https:\/\/sunsun.fr\/en\/wp-json\/wp\/v2\/posts\/3967\/revisions\/3968"}],"wp:attachment":[{"href":"https:\/\/sunsun.fr\/en\/wp-json\/wp\/v2\/media?parent=3967"}],"wp:term":[{"taxonomy":"category","embeddable":true,"href":"https:\/\/sunsun.fr\/en\/wp-json\/wp\/v2\/categories?post=3967"},{"taxonomy":"post_tag","embeddable":true,"href":"https:\/\/sunsun.fr\/en\/wp-json\/wp\/v2\/tags?post=3967"}],"curies":[{"name":"wp","href":"https:\/\/api.w.org\/{rel}","templated":true}]}}