{"id":3975,"date":"2017-05-14T12:39:57","date_gmt":"2017-05-14T10:39:57","guid":{"rendered":"https:\/\/sunsun.fr\/?p=3975"},"modified":"2025-11-03T00:13:38","modified_gmt":"2025-11-02T23:13:38","slug":"institut-francais-dathenes-nuit-de-lesthetique","status":"publish","type":"post","link":"https:\/\/sunsun.fr\/en\/institut-francais-dathenes-nuit-de-lesthetique\/","title":{"rendered":"@ Institut fran\u00e7ais d&#8217;Ath\u00e8nes \/ Nuit de l&#8217;esth\u00e9tique"},"content":{"rendered":"<p class=\"p1\">corpus EXP\u00c9RIMENTER<br \/>\n(bilingue fran\u00e7ais-grec)<\/p>\n<p class=\"p3\">Cette session des Lectures \u00e9lectriques active un corpus de textes qui fait \u00e9cho aux th\u00e9matiques abord\u00e9es tout au long de la Nuit de l\u2019esth\u00e9tique. Il s\u2019agit de lier des \u00e9crits qui r\u00e9sonnent par-del\u00e0 les \u00e9poques, cr\u00e9er des ponts dans l\u2019Histoire et donner un \u00e9clairage au monde contemporain. Telle une situation de concert, deux lecteurs (fran\u00e7ais et grec) activent des livres et des sons pour quatre auditeurs \u00e0 la fois. Ils forment ainsi un groupe d\u2019acteurs du livre (du lecteur \u00e0 l\u2019auteur) permettant de consid\u00e9rer \u00e0 nouveau l\u2019exp\u00e9rience de la lecture comme un acte de singularistation et de co-\u00e9criture (chaque lecteur termine le sens d\u2019un livre en l\u2019interpr\u00e9tant \u00e0 sa mani\u00e8re). Avec les textes de Fran\u00e7ois J. Bonnet, Gazmand Kapllani, Georgio Agamben, Constantin Cavafis, John Berger, Titos Patrikios etc.<\/p>\n","protected":false},"excerpt":{"rendered":"<p>corpus EXP\u00c9RIMENTER (bilingue fran\u00e7ais-grec) Cette session des Lectures \u00e9lectriques active un corpus de textes qui fait \u00e9cho aux th\u00e9matiques abord\u00e9es tout au long de la Nuit de l\u2019esth\u00e9tique. Il s\u2019agit de lier des \u00e9crits qui r\u00e9sonnent par-del\u00e0 les \u00e9poques, cr\u00e9er des ponts dans l\u2019Histoire et donner un \u00e9clairage au monde contemporain. Telle une situation de [&hellip;]<\/p>\n","protected":false},"author":2,"featured_media":0,"comment_status":"closed","ping_status":"closed","sticky":false,"template":"","format":"standard","meta":{"_acf_changed":false,"_exactmetrics_skip_tracking":false,"_exactmetrics_sitenote_active":false,"_exactmetrics_sitenote_note":"","_exactmetrics_sitenote_category":0,"footnotes":""},"categories":[220,113],"tags":[],"class_list":["post-3975","post","type-post","status-publish","format-standard","hentry","category-collaboration-perfomance","category-press-en"],"acf":[],"yoast_head":"<!-- This site is optimized with the Yoast SEO plugin v23.5 - https:\/\/yoast.com\/wordpress\/plugins\/seo\/ -->\n<title>@ Institut fran\u00e7ais d&#039;Ath\u00e8nes \/ Nuit de l&#039;esth\u00e9tique - sun\/sun<\/title>\n<meta name=\"robots\" content=\"index, follow, max-snippet:-1, max-image-preview:large, max-video-preview:-1\" \/>\n<link rel=\"canonical\" href=\"https:\/\/sunsun.fr\/en\/institut-francais-dathenes-nuit-de-lesthetique\/\" \/>\n<meta property=\"og:locale\" content=\"en_US\" \/>\n<meta property=\"og:type\" content=\"article\" \/>\n<meta property=\"og:title\" content=\"@ Institut fran\u00e7ais d&#039;Ath\u00e8nes \/ Nuit de l&#039;esth\u00e9tique - sun\/sun\" \/>\n<meta property=\"og:description\" content=\"corpus EXP\u00c9RIMENTER (bilingue fran\u00e7ais-grec) Cette session des Lectures \u00e9lectriques active un corpus de textes qui fait \u00e9cho aux th\u00e9matiques abord\u00e9es tout au long de la Nuit de l\u2019esth\u00e9tique. Il s\u2019agit de lier des \u00e9crits qui r\u00e9sonnent par-del\u00e0 les \u00e9poques, cr\u00e9er des ponts dans l\u2019Histoire et donner un \u00e9clairage au monde contemporain. Telle une situation de [&hellip;]\" \/>\n<meta property=\"og:url\" content=\"https:\/\/sunsun.fr\/en\/institut-francais-dathenes-nuit-de-lesthetique\/\" \/>\n<meta property=\"og:site_name\" content=\"sun\/sun\" \/>\n<meta property=\"article:publisher\" content=\"https:\/\/www.facebook.com\/icisunsun\" \/>\n<meta property=\"article:published_time\" content=\"2017-05-14T10:39:57+00:00\" \/>\n<meta property=\"article:modified_time\" content=\"2025-11-02T23:13:38+00:00\" \/>\n<meta name=\"author\" content=\"sunsun\" \/>\n<meta name=\"twitter:card\" content=\"summary_large_image\" \/>\n<meta name=\"twitter:label1\" content=\"Written by\" \/>\n\t<meta name=\"twitter:data1\" content=\"sunsun\" \/>\n\t<meta name=\"twitter:label2\" content=\"Est. reading time\" \/>\n\t<meta name=\"twitter:data2\" content=\"1 minute\" \/>\n<script type=\"application\/ld+json\" class=\"yoast-schema-graph\">{\"@context\":\"https:\/\/schema.org\",\"@graph\":[{\"@type\":\"WebPage\",\"@id\":\"https:\/\/sunsun.fr\/en\/institut-francais-dathenes-nuit-de-lesthetique\/\",\"url\":\"https:\/\/sunsun.fr\/en\/institut-francais-dathenes-nuit-de-lesthetique\/\",\"name\":\"@ Institut fran\u00e7ais d'Ath\u00e8nes \/ Nuit de l'esth\u00e9tique - sun\/sun\",\"isPartOf\":{\"@id\":\"https:\/\/dev.webxost.com\/sunsun2\/#website\"},\"datePublished\":\"2017-05-14T10:39:57+00:00\",\"dateModified\":\"2025-11-02T23:13:38+00:00\",\"author\":{\"@id\":\"https:\/\/dev.webxost.com\/sunsun2\/#\/schema\/person\/6eb1e1219ccc0109cbdfeeda5b31a0e4\"},\"breadcrumb\":{\"@id\":\"https:\/\/sunsun.fr\/en\/institut-francais-dathenes-nuit-de-lesthetique\/#breadcrumb\"},\"inLanguage\":\"en-US\",\"potentialAction\":[{\"@type\":\"ReadAction\",\"target\":[\"https:\/\/sunsun.fr\/en\/institut-francais-dathenes-nuit-de-lesthetique\/\"]}]},{\"@type\":\"BreadcrumbList\",\"@id\":\"https:\/\/sunsun.fr\/en\/institut-francais-dathenes-nuit-de-lesthetique\/#breadcrumb\",\"itemListElement\":[{\"@type\":\"ListItem\",\"position\":1,\"name\":\"Home\",\"item\":\"https:\/\/sunsun.fr\/en\/\"},{\"@type\":\"ListItem\",\"position\":2,\"name\":\"@ Institut fran\u00e7ais d&#8217;Ath\u00e8nes \/ Nuit de l&#8217;esth\u00e9tique\"}]},{\"@type\":\"WebSite\",\"@id\":\"https:\/\/dev.webxost.com\/sunsun2\/#website\",\"url\":\"https:\/\/dev.webxost.com\/sunsun2\/\",\"name\":\"sun\/sun\",\"description\":\"label de cr\u00e9ation \u00e9ditoriale\",\"potentialAction\":[{\"@type\":\"SearchAction\",\"target\":{\"@type\":\"EntryPoint\",\"urlTemplate\":\"https:\/\/dev.webxost.com\/sunsun2\/?s={search_term_string}\"},\"query-input\":{\"@type\":\"PropertyValueSpecification\",\"valueRequired\":true,\"valueName\":\"search_term_string\"}}],\"inLanguage\":\"en-US\"},{\"@type\":\"Person\",\"@id\":\"https:\/\/dev.webxost.com\/sunsun2\/#\/schema\/person\/6eb1e1219ccc0109cbdfeeda5b31a0e4\",\"name\":\"sunsun\",\"image\":{\"@type\":\"ImageObject\",\"inLanguage\":\"en-US\",\"@id\":\"https:\/\/dev.webxost.com\/sunsun2\/#\/schema\/person\/image\/\",\"url\":\"https:\/\/secure.gravatar.com\/avatar\/512584f5a9a444f9116a0bdb14388a6d?s=96&d=mm&r=g\",\"contentUrl\":\"https:\/\/secure.gravatar.com\/avatar\/512584f5a9a444f9116a0bdb14388a6d?s=96&d=mm&r=g\",\"caption\":\"sunsun\"}}]}<\/script>\n<!-- \/ Yoast SEO plugin. -->","yoast_head_json":{"title":"@ Institut fran\u00e7ais d'Ath\u00e8nes \/ Nuit de l'esth\u00e9tique - sun\/sun","robots":{"index":"index","follow":"follow","max-snippet":"max-snippet:-1","max-image-preview":"max-image-preview:large","max-video-preview":"max-video-preview:-1"},"canonical":"https:\/\/sunsun.fr\/en\/institut-francais-dathenes-nuit-de-lesthetique\/","og_locale":"en_US","og_type":"article","og_title":"@ Institut fran\u00e7ais d'Ath\u00e8nes \/ Nuit de l'esth\u00e9tique - sun\/sun","og_description":"corpus EXP\u00c9RIMENTER (bilingue fran\u00e7ais-grec) Cette session des Lectures \u00e9lectriques active un corpus de textes qui fait \u00e9cho aux th\u00e9matiques abord\u00e9es tout au long de la Nuit de l\u2019esth\u00e9tique. Il s\u2019agit de lier des \u00e9crits qui r\u00e9sonnent par-del\u00e0 les \u00e9poques, cr\u00e9er des ponts dans l\u2019Histoire et donner un \u00e9clairage au monde contemporain. Telle une situation de [&hellip;]","og_url":"https:\/\/sunsun.fr\/en\/institut-francais-dathenes-nuit-de-lesthetique\/","og_site_name":"sun\/sun","article_publisher":"https:\/\/www.facebook.com\/icisunsun","article_published_time":"2017-05-14T10:39:57+00:00","article_modified_time":"2025-11-02T23:13:38+00:00","author":"sunsun","twitter_card":"summary_large_image","twitter_misc":{"Written by":"sunsun","Est. reading time":"1 minute"},"schema":{"@context":"https:\/\/schema.org","@graph":[{"@type":"WebPage","@id":"https:\/\/sunsun.fr\/en\/institut-francais-dathenes-nuit-de-lesthetique\/","url":"https:\/\/sunsun.fr\/en\/institut-francais-dathenes-nuit-de-lesthetique\/","name":"@ Institut fran\u00e7ais d'Ath\u00e8nes \/ Nuit de l'esth\u00e9tique - sun\/sun","isPartOf":{"@id":"https:\/\/dev.webxost.com\/sunsun2\/#website"},"datePublished":"2017-05-14T10:39:57+00:00","dateModified":"2025-11-02T23:13:38+00:00","author":{"@id":"https:\/\/dev.webxost.com\/sunsun2\/#\/schema\/person\/6eb1e1219ccc0109cbdfeeda5b31a0e4"},"breadcrumb":{"@id":"https:\/\/sunsun.fr\/en\/institut-francais-dathenes-nuit-de-lesthetique\/#breadcrumb"},"inLanguage":"en-US","potentialAction":[{"@type":"ReadAction","target":["https:\/\/sunsun.fr\/en\/institut-francais-dathenes-nuit-de-lesthetique\/"]}]},{"@type":"BreadcrumbList","@id":"https:\/\/sunsun.fr\/en\/institut-francais-dathenes-nuit-de-lesthetique\/#breadcrumb","itemListElement":[{"@type":"ListItem","position":1,"name":"Home","item":"https:\/\/sunsun.fr\/en\/"},{"@type":"ListItem","position":2,"name":"@ Institut fran\u00e7ais d&#8217;Ath\u00e8nes \/ Nuit de l&#8217;esth\u00e9tique"}]},{"@type":"WebSite","@id":"https:\/\/dev.webxost.com\/sunsun2\/#website","url":"https:\/\/dev.webxost.com\/sunsun2\/","name":"sun\/sun","description":"label de cr\u00e9ation \u00e9ditoriale","potentialAction":[{"@type":"SearchAction","target":{"@type":"EntryPoint","urlTemplate":"https:\/\/dev.webxost.com\/sunsun2\/?s={search_term_string}"},"query-input":{"@type":"PropertyValueSpecification","valueRequired":true,"valueName":"search_term_string"}}],"inLanguage":"en-US"},{"@type":"Person","@id":"https:\/\/dev.webxost.com\/sunsun2\/#\/schema\/person\/6eb1e1219ccc0109cbdfeeda5b31a0e4","name":"sunsun","image":{"@type":"ImageObject","inLanguage":"en-US","@id":"https:\/\/dev.webxost.com\/sunsun2\/#\/schema\/person\/image\/","url":"https:\/\/secure.gravatar.com\/avatar\/512584f5a9a444f9116a0bdb14388a6d?s=96&d=mm&r=g","contentUrl":"https:\/\/secure.gravatar.com\/avatar\/512584f5a9a444f9116a0bdb14388a6d?s=96&d=mm&r=g","caption":"sunsun"}}]}},"_links":{"self":[{"href":"https:\/\/sunsun.fr\/en\/wp-json\/wp\/v2\/posts\/3975"}],"collection":[{"href":"https:\/\/sunsun.fr\/en\/wp-json\/wp\/v2\/posts"}],"about":[{"href":"https:\/\/sunsun.fr\/en\/wp-json\/wp\/v2\/types\/post"}],"author":[{"embeddable":true,"href":"https:\/\/sunsun.fr\/en\/wp-json\/wp\/v2\/users\/2"}],"replies":[{"embeddable":true,"href":"https:\/\/sunsun.fr\/en\/wp-json\/wp\/v2\/comments?post=3975"}],"version-history":[{"count":1,"href":"https:\/\/sunsun.fr\/en\/wp-json\/wp\/v2\/posts\/3975\/revisions"}],"predecessor-version":[{"id":3976,"href":"https:\/\/sunsun.fr\/en\/wp-json\/wp\/v2\/posts\/3975\/revisions\/3976"}],"wp:attachment":[{"href":"https:\/\/sunsun.fr\/en\/wp-json\/wp\/v2\/media?parent=3975"}],"wp:term":[{"taxonomy":"category","embeddable":true,"href":"https:\/\/sunsun.fr\/en\/wp-json\/wp\/v2\/categories?post=3975"},{"taxonomy":"post_tag","embeddable":true,"href":"https:\/\/sunsun.fr\/en\/wp-json\/wp\/v2\/tags?post=3975"}],"curies":[{"name":"wp","href":"https:\/\/api.w.org\/{rel}","templated":true}]}}