{"id":4485,"date":"2026-04-26T10:38:48","date_gmt":"2026-04-26T08:38:48","guid":{"rendered":"https:\/\/sunsun.fr\/?p=4485"},"modified":"2026-04-26T16:52:19","modified_gmt":"2026-04-26T14:52:19","slug":"parentesi-book-fair","status":"publish","type":"post","link":"https:\/\/sunsun.fr\/en\/parentesi-book-fair\/","title":{"rendered":"[PARENTESI] BOOK FAIR"},"content":{"rendered":"<div>Parentesi \/ Trois jours de salon \u00e0 Reggio Emilia dans le cadre du festival Fotografia Europa<\/div>\n<div>1-3 mai<\/div>\n<div>Talk samedi 2 mai \u00e0 11h30<\/div>\n<div>\n<p>Fr\u00e9d\u00e9ric D. Oberland x C\u00e9line P\u00e9vrier<\/p>\n<p><a href=\"https:\/\/www.fotografiaeuropea.it\/parentesi-book-fair\/\"><strong>Chiostri di San Pietro<br \/>\n<\/strong>Via Emilia S.Pietro 44\/c<\/a><br \/>\nReggio Emilia<\/p>\n<\/div>\n<blockquote class=\"wp-embedded-content\" data-secret=\"dt4nejSAEC\"><p><a href=\"https:\/\/www.fotografiaeuropea.it\/parentesi-book-fair\/\">[PARENTESI] BOOK FAIR<\/a><\/p><\/blockquote>\n<p><iframe loading=\"lazy\" class=\"wp-embedded-content\" sandbox=\"allow-scripts\" security=\"restricted\" style=\"position: absolute; visibility: hidden;\" title=\"&#8220;[PARENTESI] BOOK FAIR&#8221; &#8212; Fotografia Europea\" src=\"https:\/\/www.fotografiaeuropea.it\/parentesi-book-fair\/embed\/#?secret=sAipatYety#?secret=dt4nejSAEC\" data-secret=\"dt4nejSAEC\" width=\"500\" height=\"282\" frameborder=\"0\" marginwidth=\"0\" marginheight=\"0\" scrolling=\"no\"><\/iframe><\/p>\n","protected":false},"excerpt":{"rendered":"<p>Parentesi \/ Trois jours de salon \u00e0 Reggio Emilia dans le cadre du festival Fotografia Europa 1-3 mai Talk samedi 2 mai \u00e0 11h30 Fr\u00e9d\u00e9ric D. Oberland x C\u00e9line P\u00e9vrier Chiostri di San Pietro Via Emilia S.Pietro 44\/c Reggio Emilia [PARENTESI] BOOK FAIR<\/p>\n","protected":false},"author":2,"featured_media":0,"comment_status":"closed","ping_status":"closed","sticky":false,"template":"","format":"standard","meta":{"_acf_changed":false,"_exactmetrics_skip_tracking":false,"_exactmetrics_sitenote_active":false,"_exactmetrics_sitenote_note":"","_exactmetrics_sitenote_category":0,"footnotes":""},"categories":[222],"tags":[],"class_list":["post-4485","post","type-post","status-publish","format-standard","hentry","category-salon-en"],"acf":[],"yoast_head":"<!-- This site is optimized with the Yoast SEO plugin v23.5 - https:\/\/yoast.com\/wordpress\/plugins\/seo\/ -->\n<title>[PARENTESI] BOOK FAIR - sun\/sun<\/title>\n<meta name=\"robots\" content=\"index, follow, max-snippet:-1, max-image-preview:large, max-video-preview:-1\" \/>\n<link rel=\"canonical\" href=\"https:\/\/sunsun.fr\/en\/parentesi-book-fair\/\" \/>\n<meta property=\"og:locale\" content=\"en_US\" \/>\n<meta property=\"og:type\" content=\"article\" \/>\n<meta property=\"og:title\" content=\"[PARENTESI] BOOK FAIR - sun\/sun\" \/>\n<meta property=\"og:description\" content=\"Parentesi \/ Trois jours de salon \u00e0 Reggio Emilia dans le cadre du festival Fotografia Europa 1-3 mai Talk samedi 2 mai \u00e0 11h30 Fr\u00e9d\u00e9ric D. Oberland x C\u00e9line P\u00e9vrier Chiostri di San Pietro Via Emilia S.Pietro 44\/c Reggio Emilia [PARENTESI] BOOK FAIR\" \/>\n<meta property=\"og:url\" content=\"https:\/\/sunsun.fr\/en\/parentesi-book-fair\/\" \/>\n<meta property=\"og:site_name\" content=\"sun\/sun\" \/>\n<meta property=\"article:publisher\" content=\"https:\/\/www.facebook.com\/icisunsun\" \/>\n<meta property=\"article:published_time\" content=\"2026-04-26T08:38:48+00:00\" \/>\n<meta property=\"article:modified_time\" content=\"2026-04-26T14:52:19+00:00\" \/>\n<meta name=\"author\" content=\"sunsun\" \/>\n<meta name=\"twitter:card\" content=\"summary_large_image\" \/>\n<meta name=\"twitter:label1\" content=\"Written by\" \/>\n\t<meta name=\"twitter:data1\" content=\"sunsun\" \/>\n\t<meta name=\"twitter:label2\" content=\"Est. reading time\" \/>\n\t<meta name=\"twitter:data2\" content=\"1 minute\" \/>\n<script type=\"application\/ld+json\" class=\"yoast-schema-graph\">{\"@context\":\"https:\/\/schema.org\",\"@graph\":[{\"@type\":\"WebPage\",\"@id\":\"https:\/\/sunsun.fr\/en\/parentesi-book-fair\/\",\"url\":\"https:\/\/sunsun.fr\/en\/parentesi-book-fair\/\",\"name\":\"[PARENTESI] BOOK FAIR - sun\/sun\",\"isPartOf\":{\"@id\":\"https:\/\/dev.webxost.com\/sunsun2\/#website\"},\"datePublished\":\"2026-04-26T08:38:48+00:00\",\"dateModified\":\"2026-04-26T14:52:19+00:00\",\"author\":{\"@id\":\"https:\/\/dev.webxost.com\/sunsun2\/#\/schema\/person\/6eb1e1219ccc0109cbdfeeda5b31a0e4\"},\"breadcrumb\":{\"@id\":\"https:\/\/sunsun.fr\/en\/parentesi-book-fair\/#breadcrumb\"},\"inLanguage\":\"en-US\",\"potentialAction\":[{\"@type\":\"ReadAction\",\"target\":[\"https:\/\/sunsun.fr\/en\/parentesi-book-fair\/\"]}]},{\"@type\":\"BreadcrumbList\",\"@id\":\"https:\/\/sunsun.fr\/en\/parentesi-book-fair\/#breadcrumb\",\"itemListElement\":[{\"@type\":\"ListItem\",\"position\":1,\"name\":\"Home\",\"item\":\"https:\/\/sunsun.fr\/en\/\"},{\"@type\":\"ListItem\",\"position\":2,\"name\":\"[PARENTESI] BOOK FAIR\"}]},{\"@type\":\"WebSite\",\"@id\":\"https:\/\/dev.webxost.com\/sunsun2\/#website\",\"url\":\"https:\/\/dev.webxost.com\/sunsun2\/\",\"name\":\"sun\/sun\",\"description\":\"label de cr\u00e9ation \u00e9ditoriale\",\"potentialAction\":[{\"@type\":\"SearchAction\",\"target\":{\"@type\":\"EntryPoint\",\"urlTemplate\":\"https:\/\/dev.webxost.com\/sunsun2\/?s={search_term_string}\"},\"query-input\":{\"@type\":\"PropertyValueSpecification\",\"valueRequired\":true,\"valueName\":\"search_term_string\"}}],\"inLanguage\":\"en-US\"},{\"@type\":\"Person\",\"@id\":\"https:\/\/dev.webxost.com\/sunsun2\/#\/schema\/person\/6eb1e1219ccc0109cbdfeeda5b31a0e4\",\"name\":\"sunsun\",\"image\":{\"@type\":\"ImageObject\",\"inLanguage\":\"en-US\",\"@id\":\"https:\/\/dev.webxost.com\/sunsun2\/#\/schema\/person\/image\/\",\"url\":\"https:\/\/secure.gravatar.com\/avatar\/512584f5a9a444f9116a0bdb14388a6d?s=96&d=mm&r=g\",\"contentUrl\":\"https:\/\/secure.gravatar.com\/avatar\/512584f5a9a444f9116a0bdb14388a6d?s=96&d=mm&r=g\",\"caption\":\"sunsun\"}}]}<\/script>\n<!-- \/ Yoast SEO plugin. -->","yoast_head_json":{"title":"[PARENTESI] BOOK FAIR - sun\/sun","robots":{"index":"index","follow":"follow","max-snippet":"max-snippet:-1","max-image-preview":"max-image-preview:large","max-video-preview":"max-video-preview:-1"},"canonical":"https:\/\/sunsun.fr\/en\/parentesi-book-fair\/","og_locale":"en_US","og_type":"article","og_title":"[PARENTESI] BOOK FAIR - sun\/sun","og_description":"Parentesi \/ Trois jours de salon \u00e0 Reggio Emilia dans le cadre du festival Fotografia Europa 1-3 mai Talk samedi 2 mai \u00e0 11h30 Fr\u00e9d\u00e9ric D. Oberland x C\u00e9line P\u00e9vrier Chiostri di San Pietro Via Emilia S.Pietro 44\/c Reggio Emilia [PARENTESI] BOOK FAIR","og_url":"https:\/\/sunsun.fr\/en\/parentesi-book-fair\/","og_site_name":"sun\/sun","article_publisher":"https:\/\/www.facebook.com\/icisunsun","article_published_time":"2026-04-26T08:38:48+00:00","article_modified_time":"2026-04-26T14:52:19+00:00","author":"sunsun","twitter_card":"summary_large_image","twitter_misc":{"Written by":"sunsun","Est. reading time":"1 minute"},"schema":{"@context":"https:\/\/schema.org","@graph":[{"@type":"WebPage","@id":"https:\/\/sunsun.fr\/en\/parentesi-book-fair\/","url":"https:\/\/sunsun.fr\/en\/parentesi-book-fair\/","name":"[PARENTESI] BOOK FAIR - sun\/sun","isPartOf":{"@id":"https:\/\/dev.webxost.com\/sunsun2\/#website"},"datePublished":"2026-04-26T08:38:48+00:00","dateModified":"2026-04-26T14:52:19+00:00","author":{"@id":"https:\/\/dev.webxost.com\/sunsun2\/#\/schema\/person\/6eb1e1219ccc0109cbdfeeda5b31a0e4"},"breadcrumb":{"@id":"https:\/\/sunsun.fr\/en\/parentesi-book-fair\/#breadcrumb"},"inLanguage":"en-US","potentialAction":[{"@type":"ReadAction","target":["https:\/\/sunsun.fr\/en\/parentesi-book-fair\/"]}]},{"@type":"BreadcrumbList","@id":"https:\/\/sunsun.fr\/en\/parentesi-book-fair\/#breadcrumb","itemListElement":[{"@type":"ListItem","position":1,"name":"Home","item":"https:\/\/sunsun.fr\/en\/"},{"@type":"ListItem","position":2,"name":"[PARENTESI] BOOK FAIR"}]},{"@type":"WebSite","@id":"https:\/\/dev.webxost.com\/sunsun2\/#website","url":"https:\/\/dev.webxost.com\/sunsun2\/","name":"sun\/sun","description":"label de cr\u00e9ation \u00e9ditoriale","potentialAction":[{"@type":"SearchAction","target":{"@type":"EntryPoint","urlTemplate":"https:\/\/dev.webxost.com\/sunsun2\/?s={search_term_string}"},"query-input":{"@type":"PropertyValueSpecification","valueRequired":true,"valueName":"search_term_string"}}],"inLanguage":"en-US"},{"@type":"Person","@id":"https:\/\/dev.webxost.com\/sunsun2\/#\/schema\/person\/6eb1e1219ccc0109cbdfeeda5b31a0e4","name":"sunsun","image":{"@type":"ImageObject","inLanguage":"en-US","@id":"https:\/\/dev.webxost.com\/sunsun2\/#\/schema\/person\/image\/","url":"https:\/\/secure.gravatar.com\/avatar\/512584f5a9a444f9116a0bdb14388a6d?s=96&d=mm&r=g","contentUrl":"https:\/\/secure.gravatar.com\/avatar\/512584f5a9a444f9116a0bdb14388a6d?s=96&d=mm&r=g","caption":"sunsun"}}]}},"_links":{"self":[{"href":"https:\/\/sunsun.fr\/en\/wp-json\/wp\/v2\/posts\/4485"}],"collection":[{"href":"https:\/\/sunsun.fr\/en\/wp-json\/wp\/v2\/posts"}],"about":[{"href":"https:\/\/sunsun.fr\/en\/wp-json\/wp\/v2\/types\/post"}],"author":[{"embeddable":true,"href":"https:\/\/sunsun.fr\/en\/wp-json\/wp\/v2\/users\/2"}],"replies":[{"embeddable":true,"href":"https:\/\/sunsun.fr\/en\/wp-json\/wp\/v2\/comments?post=4485"}],"version-history":[{"count":5,"href":"https:\/\/sunsun.fr\/en\/wp-json\/wp\/v2\/posts\/4485\/revisions"}],"predecessor-version":[{"id":4524,"href":"https:\/\/sunsun.fr\/en\/wp-json\/wp\/v2\/posts\/4485\/revisions\/4524"}],"wp:attachment":[{"href":"https:\/\/sunsun.fr\/en\/wp-json\/wp\/v2\/media?parent=4485"}],"wp:term":[{"taxonomy":"category","embeddable":true,"href":"https:\/\/sunsun.fr\/en\/wp-json\/wp\/v2\/categories?post=4485"},{"taxonomy":"post_tag","embeddable":true,"href":"https:\/\/sunsun.fr\/en\/wp-json\/wp\/v2\/tags?post=4485"}],"curies":[{"name":"wp","href":"https:\/\/api.w.org\/{rel}","templated":true}]}}